{"id":110135,"date":"2023-06-21T22:40:33","date_gmt":"2023-06-22T03:40:33","guid":{"rendered":"https:\/\/formalprision.com\/?p=110135"},"modified":"2023-06-22T20:41:38","modified_gmt":"2023-06-23T01:41:38","slug":"de-nuevo-se-le-quema-el-relleno-sanitario-a-renan-barrera","status":"publish","type":"post","link":"https:\/\/formalprision.com\/?p=110135","title":{"rendered":"De nuevo se le quema el relleno sanitario a Ren\u00e1n Barrera"},"content":{"rendered":"\n<p>M\u00c9RIDA, Yucat\u00e1n.- El Ayuntamiento de M\u00e9rida informa que alrededor de las 10:25 horas del d\u00eda de hoy se registr\u00f3 un incendio en la cara poniente del relleno sanitario, ubicado en el kil\u00f3metro 2 de la carretera Susul\u00e1-Chalmuch, a la altura del kil\u00f3metro 43 del Perif\u00e9rico, el cual ya est\u00e1 controlado.<\/p>\n\n\n\n<p>De acuerdo con las autoridades, el fuego pudo ser provocado por las altas temperaturas que se han registrado mdiante un efecto lupa en alg\u00fan tipo de desechos que llegan al relleno sanitario como destino final.<\/p>\n\n\n\n<p>Para evitar que las llamas se propaguen y garantizar la seguridad del personal y de los vecinos cercanos a las instalaciones del relleno sanitario, integrantes del cuerpo de Bomberos acudieron de manera inmediata a combatir el incendio con pipas que se sumaron a las de la concesionaria Veolia y pipas particulares.<\/p>\n\n\n\n<p>En el combate del siniestro, la Direcci\u00f3n de Servicios P\u00fablicos Municipales, a trav\u00e9s del departamento de Parques y Jardines, apoya con cuatro pipas para el reabastecimiento de agua.<\/p>\n\n\n\n<p>Asimismo, personal de Protecci\u00f3n Civil municipal y estatal permanecen en el lugar de los hechos para vigilar que el incendio no ponga en riesgo a la poblaci\u00f3n cercana.<\/p>\n\n\n\n<p>Calculan que el siniestro pueda estar combatido totalmente en un lapso de cinco o seis horas.<\/p>\n\n\n\n<p>Por instrucciones de los bomberos se detuvo durante hora y media la entrada de camiones recolectores al interior del relleno sanitario, mismo que se reanud\u00f3 por seguridad limitando el ingreso a tres camiones.<\/p>\n","protected":false},"excerpt":{"rendered":"<p>M\u00c9RIDA, Yucat\u00e1n.- El Ayuntamiento de M\u00e9rida informa que alrededor de las 10:25 horas del d\u00eda de hoy se registr\u00f3 un incendio en la cara poniente del relleno sanitario, ubicado en<\/p>\n","protected":false},"author":2,"featured_media":110138,"comment_status":"open","ping_status":"open","sticky":false,"template":"","format":"standard","meta":{"jetpack_post_was_ever_published":false,"_jetpack_newsletter_access":"","_jetpack_dont_email_post_to_subs":false,"_jetpack_newsletter_tier_id":0,"_jetpack_memberships_contains_paywalled_content":false,"_jetpack_memberships_contains_paid_content":false,"footnotes":"","jetpack_publicize_message":"El Ayuntamiento de M\u00e9rida dice que ya est\u00e1 controlado, pero llevar\u00e1 varias horas sofocarlo por completo.","jetpack_publicize_feature_enabled":true,"jetpack_social_post_already_shared":true,"jetpack_social_options":{"image_generator_settings":{"template":"highway","default_image_id":0,"font":"","enabled":false},"version":2}},"categories":[56,14],"tags":[],"class_list":["post-110135","post","type-post","status-publish","format-standard","has-post-thumbnail","hentry","category-incendios","category-merida"],"jetpack_publicize_connections":[],"jetpack_featured_media_url":"https:\/\/formalprision.com\/wp-content\/uploads\/2023\/06\/relle.jpg","jetpack_sharing_enabled":true,"jetpack_shortlink":"https:\/\/wp.me\/p6id8p-sEn","_links":{"self":[{"href":"https:\/\/formalprision.com\/index.php?rest_route=\/wp\/v2\/posts\/110135","targetHints":{"allow":["GET"]}}],"collection":[{"href":"https:\/\/formalprision.com\/index.php?rest_route=\/wp\/v2\/posts"}],"about":[{"href":"https:\/\/formalprision.com\/index.php?rest_route=\/wp\/v2\/types\/post"}],"author":[{"embeddable":true,"href":"https:\/\/formalprision.com\/index.php?rest_route=\/wp\/v2\/users\/2"}],"replies":[{"embeddable":true,"href":"https:\/\/formalprision.com\/index.php?rest_route=%2Fwp%2Fv2%2Fcomments&post=110135"}],"version-history":[{"count":2,"href":"https:\/\/formalprision.com\/index.php?rest_route=\/wp\/v2\/posts\/110135\/revisions"}],"predecessor-version":[{"id":110137,"href":"https:\/\/formalprision.com\/index.php?rest_route=\/wp\/v2\/posts\/110135\/revisions\/110137"}],"wp:featuredmedia":[{"embeddable":true,"href":"https:\/\/formalprision.com\/index.php?rest_route=\/wp\/v2\/media\/110138"}],"wp:attachment":[{"href":"https:\/\/formalprision.com\/index.php?rest_route=%2Fwp%2Fv2%2Fmedia&parent=110135"}],"wp:term":[{"taxonomy":"category","embeddable":true,"href":"https:\/\/formalprision.com\/index.php?rest_route=%2Fwp%2Fv2%2Fcategories&post=110135"},{"taxonomy":"post_tag","embeddable":true,"href":"https:\/\/formalprision.com\/index.php?rest_route=%2Fwp%2Fv2%2Ftags&post=110135"}],"curies":[{"name":"wp","href":"https:\/\/api.w.org\/{rel}","templated":true}]}}