{"id":110139,"date":"2023-06-22T07:06:57","date_gmt":"2023-06-22T12:06:57","guid":{"rendered":"https:\/\/formalprision.com\/?p=110139"},"modified":"2023-06-22T20:41:17","modified_gmt":"2023-06-23T01:41:17","slug":"muere-en-chile-el-chofer-de-pablo-neruda-siempre-dijo-que-el-poeta-fue-asesinado","status":"publish","type":"post","link":"https:\/\/formalprision.com\/?p=110139","title":{"rendered":"Muere en Chile el chofer de Pablo Neruda: sosten\u00eda que el poeta fue asesinado"},"content":{"rendered":"\n<p>SANTIAGO (AP).- Manuel Araya, quien fue chofer del Nobel de Literatura chileno Pablo Neruda y que por d\u00e9cadas afirm\u00f3 que el poeta fue envenenado antes de exiliarse, muri\u00f3 producto de un aneurisma, se inform\u00f3 el mi\u00e9rcoles.<\/p>\n\n\n\n<p>Araya siempre cuestion\u00f3 la versi\u00f3n oficial de que la muerte de Neruda ocurrida el 23 de septiembre de 1973 -12 d\u00edas despu\u00e9s del golpe militar- se debi\u00f3 a complicaciones de un c\u00e1ncer de pr\u00f3stata con met\u00e1stasis.<\/p>\n\n\n\n<p>El conductor falleci\u00f3 la v\u00edspera, a los 77 a\u00f1os, por un aneurisma que lo manten\u00eda hospitalizado luego de sufrir problemas cardiovasculares el 12 de junio, inform\u00f3 el mi\u00e9rcoles el Partido Comunista, en el que Neruda milit\u00f3 toda su vida.<\/p>\n\n\n\n<p>Araya siempre afirm\u00f3 que Neruda fue envenenado mientras estaba internado en una cl\u00ednica privada. Sin embargo, s\u00f3lo fue escuchado por el Partido Comunista en 2011 luego de que declaraciones suyas sobre el tema fueron publicadas por un medio mexicano, seg\u00fan reiter\u00f3 a The Associated Press en febrero \u00faltimo.<\/p>\n","protected":false},"excerpt":{"rendered":"<p>SANTIAGO (AP).- Manuel Araya, quien fue chofer del Nobel de Literatura chileno Pablo Neruda y que por d\u00e9cadas afirm\u00f3 que el poeta fue envenenado antes de exiliarse, muri\u00f3 producto de<\/p>\n","protected":false},"author":2,"featured_media":110142,"comment_status":"open","ping_status":"open","sticky":false,"template":"","format":"standard","meta":{"jetpack_post_was_ever_published":false,"_jetpack_newsletter_access":"","_jetpack_dont_email_post_to_subs":false,"_jetpack_newsletter_tier_id":0,"_jetpack_memberships_contains_paywalled_content":false,"_jetpack_memberships_contains_paid_content":false,"footnotes":"","jetpack_publicize_message":"Manuel Araya siempre cuestion\u00f3 la versi\u00f3n oficial de que la muerte de Neruda ocurrida el 23 de septiembre de 1973 -12 d\u00edas despu\u00e9s del golpe militar- se debi\u00f3 a complicaciones de un c\u00e1ncer de pr\u00f3stata con met\u00e1stasis.","jetpack_publicize_feature_enabled":true,"jetpack_social_post_already_shared":true,"jetpack_social_options":{"image_generator_settings":{"template":"highway","default_image_id":0,"font":"","enabled":false},"version":2}},"categories":[23],"tags":[],"class_list":["post-110139","post","type-post","status-publish","format-standard","has-post-thumbnail","hentry","category-del-mundo"],"jetpack_publicize_connections":[],"jetpack_featured_media_url":"https:\/\/formalprision.com\/wp-content\/uploads\/2023\/06\/neruda.jpg","jetpack_sharing_enabled":true,"jetpack_shortlink":"https:\/\/wp.me\/p6id8p-sEr","_links":{"self":[{"href":"https:\/\/formalprision.com\/index.php?rest_route=\/wp\/v2\/posts\/110139","targetHints":{"allow":["GET"]}}],"collection":[{"href":"https:\/\/formalprision.com\/index.php?rest_route=\/wp\/v2\/posts"}],"about":[{"href":"https:\/\/formalprision.com\/index.php?rest_route=\/wp\/v2\/types\/post"}],"author":[{"embeddable":true,"href":"https:\/\/formalprision.com\/index.php?rest_route=\/wp\/v2\/users\/2"}],"replies":[{"embeddable":true,"href":"https:\/\/formalprision.com\/index.php?rest_route=%2Fwp%2Fv2%2Fcomments&post=110139"}],"version-history":[{"count":2,"href":"https:\/\/formalprision.com\/index.php?rest_route=\/wp\/v2\/posts\/110139\/revisions"}],"predecessor-version":[{"id":110152,"href":"https:\/\/formalprision.com\/index.php?rest_route=\/wp\/v2\/posts\/110139\/revisions\/110152"}],"wp:featuredmedia":[{"embeddable":true,"href":"https:\/\/formalprision.com\/index.php?rest_route=\/wp\/v2\/media\/110142"}],"wp:attachment":[{"href":"https:\/\/formalprision.com\/index.php?rest_route=%2Fwp%2Fv2%2Fmedia&parent=110139"}],"wp:term":[{"taxonomy":"category","embeddable":true,"href":"https:\/\/formalprision.com\/index.php?rest_route=%2Fwp%2Fv2%2Fcategories&post=110139"},{"taxonomy":"post_tag","embeddable":true,"href":"https:\/\/formalprision.com\/index.php?rest_route=%2Fwp%2Fv2%2Ftags&post=110139"}],"curies":[{"name":"wp","href":"https:\/\/api.w.org\/{rel}","templated":true}]}}