{"id":110146,"date":"2023-06-22T07:54:50","date_gmt":"2023-06-22T12:54:50","guid":{"rendered":"https:\/\/formalprision.com\/?p=110146"},"modified":"2023-06-23T12:31:07","modified_gmt":"2023-06-23T17:31:07","slug":"ya-esta-el-calendario-escolar-2023-2024-conoce-cuando-habra-vacaciones-y-dias-de-descanso","status":"publish","type":"post","link":"https:\/\/formalprision.com\/?p=110146","title":{"rendered":"Calendario escolar 2023-2024: conoce cu\u00e1ndo habr\u00e1 vacaciones y d\u00edas de descanso"},"content":{"rendered":"\n<p>M\u00c9RIDA, Yucat\u00e1n.- La Secretar\u00eda de Educaci\u00f3n P\u00fablica (SEP) difundi\u00f3 los calendarios que regir\u00e1n el ciclo escolar 2023-2024 para nivel b\u00e1sico, as\u00ed como el de las escuelas normales e instituciones dedicadas a la formaci\u00f3n de profesores.<\/p>\n\n\n\n<p>En el primer caso, el calendario contempla 190 d\u00edas de actividades y aplica para todas las escuelas del pa\u00eds, tanto p\u00fablicas y privada de los niveles preescolar, primaria y secundaria incorporadas al Sistema Educativo Nacional.<\/p>\n\n\n\n<p>Las clases comenzar\u00e1n el 28 de agosto y concluir\u00e1n el 16 de julio de 2024, hay ocho d\u00edas de suspensi\u00f3n de labores docentes, que corresponden a los d\u00edas 2 y 20 de noviembre, 25 de diciembre, 1 de enero, 5 de febrero, 18 de marzo, 1 y 15 de mayo.<\/p>\n\n\n\n<p>Los periodos vacaciones ir\u00e1n del 18 de diciembre de este a\u00f1o al 5 de enero de 2024. Los d\u00edas de descanso por Semana Santa comprenden del 25 de marzo al 5 de abril.<\/p>\n\n\n\n<p>Para las escuelas normalistas, el calendario contemple cinco d\u00edas m\u00e1s, es decir, 195, que ir\u00e1n del 28 de agosto de 2023 y concluir\u00e1 el martes 16 de julio de 2024.<\/p>\n\n\n\n<p>El periodo de planeaci\u00f3n y habilitaci\u00f3n docente ser\u00e1 del 29 de enero de 2024 al 9 de febrero.<\/p>\n\n\n\n<p>Sin embargo, las vacaciones establecidas son del 18 de diciembre de este a\u00f1o al 2 de enero de 2024, as\u00ed como del 1 al 5 de abril.<\/p>\n\n\n\n<p>Habr\u00e1 que agregar ocho d\u00edas m\u00e1s de suspensi\u00f3n de labores, los \u00faltimos viernes de cada, por reuniones de consejo t\u00e9cnico en las escuelas.<\/p>\n\n\n\n<p>Cabe se\u00f1alar que estos calendarios escolares ser\u00e1n oficiales solamente cuando se publiquen en el Diario Oficial de la Federaci\u00f3n (DOF).<\/p>\n","protected":false},"excerpt":{"rendered":"<p>M\u00c9RIDA, Yucat\u00e1n.- La Secretar\u00eda de Educaci\u00f3n P\u00fablica (SEP) difundi\u00f3 los calendarios que regir\u00e1n el ciclo escolar 2023-2024 para nivel b\u00e1sico, as\u00ed como el de las escuelas normales e instituciones dedicadas<\/p>\n","protected":false},"author":2,"featured_media":110148,"comment_status":"open","ping_status":"open","sticky":false,"template":"","format":"standard","meta":{"jetpack_post_was_ever_published":false,"_jetpack_newsletter_access":"","_jetpack_dont_email_post_to_subs":false,"_jetpack_newsletter_tier_id":0,"_jetpack_memberships_contains_paywalled_content":false,"_jetpack_memberships_contains_paid_content":false,"footnotes":"","jetpack_publicize_message":"Habr\u00e1 16 d\u00edas de suspensi\u00f3n de clases, por d\u00edas de asueto y consejo t\u00e9cnico, m\u00e1s vacaciones.","jetpack_publicize_feature_enabled":true,"jetpack_social_post_already_shared":true,"jetpack_social_options":{"image_generator_settings":{"template":"highway","default_image_id":0,"font":"","enabled":false},"version":2}},"categories":[23],"tags":[],"class_list":["post-110146","post","type-post","status-publish","format-standard","has-post-thumbnail","hentry","category-del-mundo"],"jetpack_publicize_connections":[],"jetpack_featured_media_url":"https:\/\/formalprision.com\/wp-content\/uploads\/2023\/06\/WhatsApp-Image-2023-06-21-at-1.21.59-PM.jpeg","jetpack_sharing_enabled":true,"jetpack_shortlink":"https:\/\/wp.me\/p6id8p-sEy","_links":{"self":[{"href":"https:\/\/formalprision.com\/index.php?rest_route=\/wp\/v2\/posts\/110146","targetHints":{"allow":["GET"]}}],"collection":[{"href":"https:\/\/formalprision.com\/index.php?rest_route=\/wp\/v2\/posts"}],"about":[{"href":"https:\/\/formalprision.com\/index.php?rest_route=\/wp\/v2\/types\/post"}],"author":[{"embeddable":true,"href":"https:\/\/formalprision.com\/index.php?rest_route=\/wp\/v2\/users\/2"}],"replies":[{"embeddable":true,"href":"https:\/\/formalprision.com\/index.php?rest_route=%2Fwp%2Fv2%2Fcomments&post=110146"}],"version-history":[{"count":2,"href":"https:\/\/formalprision.com\/index.php?rest_route=\/wp\/v2\/posts\/110146\/revisions"}],"predecessor-version":[{"id":110182,"href":"https:\/\/formalprision.com\/index.php?rest_route=\/wp\/v2\/posts\/110146\/revisions\/110182"}],"wp:featuredmedia":[{"embeddable":true,"href":"https:\/\/formalprision.com\/index.php?rest_route=\/wp\/v2\/media\/110148"}],"wp:attachment":[{"href":"https:\/\/formalprision.com\/index.php?rest_route=%2Fwp%2Fv2%2Fmedia&parent=110146"}],"wp:term":[{"taxonomy":"category","embeddable":true,"href":"https:\/\/formalprision.com\/index.php?rest_route=%2Fwp%2Fv2%2Fcategories&post=110146"},{"taxonomy":"post_tag","embeddable":true,"href":"https:\/\/formalprision.com\/index.php?rest_route=%2Fwp%2Fv2%2Ftags&post=110146"}],"curies":[{"name":"wp","href":"https:\/\/api.w.org\/{rel}","templated":true}]}}