{"id":113446,"date":"2023-10-20T16:17:21","date_gmt":"2023-10-20T21:17:21","guid":{"rendered":"https:\/\/formalprision.com\/?p=113446"},"modified":"2023-10-20T22:41:48","modified_gmt":"2023-10-21T03:41:48","slug":"cecilia-patron-hace-equipo-con-los-padres-por-una-movilidad-segura-y-sostenible-de-los-ninos","status":"publish","type":"post","link":"https:\/\/formalprision.com\/?p=113446","title":{"rendered":"Cecilia Patr\u00f3n hace equipo  por una movilidad segura y sostenible de los ni\u00f1os"},"content":{"rendered":"\n<p>M\u00c9RIDA, Yucat\u00e1n.- Lograremos entornos seguros si generamos conciencia desde la infancia sobre una adecuada movilidad en la que se privilegie a las personas, se\u00f1al\u00f3 la diputada federal Cecilia Patr\u00f3n Laviada.<\/p>\n\n\n\n<p>\u00abQueremos seguir saliendo a las calles con la tranquilidad de que volveremos sanos a casa y que ser\u00e1 de una manera \u00e1gil\u00bb, dijo durante el programa \u00abCaminar y rodar a la escuela\u00bb que realizan el Instituto de Movilidad y Desarrollo Urbano Territorial (IMDUT) y la Secretar\u00eda de Educaci\u00f3n del Gobierno de Yucat\u00e1n (SEGEY), el Instituto de Pol\u00edticas para el Transporte y Desarrollo (ITDP) y FIA Foundation.<\/p>\n\n\n\n<p>Ante alumnos, maestros y padres de familia de la primaria \u00abJuan Fajardo Peniche\u00bb de la comisar\u00eda de Caucel, Cecilia Patr\u00f3n dijo que seguir\u00e1 apoyando proyectos de conciencia vial que generen seguridad.<\/p>\n\n\n\n<p>\u00abCaminar y usar la bicicleta es bueno para la salud, pero adem\u00e1s ayuda a disminuir el tr\u00e1nsito de automotores para mejorar la movilidad y contribuir al cuidado del medio ambiente\u00bb indic\u00f3.<\/p>\n\n\n\n<p>\u00abEl objetivo es que las familias puedan moverse de forma segura y de manera m\u00e1s \u00e1gil\u00bb, subray\u00f3.<\/p>\n\n\n\n<p>Se refiri\u00f3 al programa \u00abLlega seguro\u00bb que la diputada federal impulsa desde su Casa de Enlace y consiste en la entrega de cascos con certificaci\u00f3n DOT para personas que utilizan la motocicleta como herramienta de trabajo.<\/p>\n\n\n\n<p>Adem\u00e1s reconoci\u00f3 el trabajo en equipo del Gobierno de Yucat\u00e1n que encabeza Mauricio Vila Dosal, que se une a asociaciones civiles de todo el mundo para lograr un mejor estado y una mejor ciudad.<\/p>\n\n\n\n<p>Tambi\u00e9n mencion\u00f3 la labor del alcalde de M\u00e9rida, Ren\u00e1n Barrera Concha, que entre otras acciones promueve el programa \u00abEn Bici\u00bb que es una red de bicicletas en renta mediante una app.<\/p>\n\n\n\n<p>Como parte de \u00abCaminar y rodar a la escuela\u00bb los asistentes recorrieron algunas calles de la comisar\u00eda de Caucel, participaron en talleres de educaci\u00f3n vial y juegos, y pintaron el paso peatonal frente a su escuela.<\/p>\n\n\n\n<p>Acompa\u00f1aron a la diputada federal H\u00e9ctor S\u00e1nchez Tirado, encargado de despacho del IMDUT; Adlemy Arjona Crespo, directora de Primarias de la SEGEY, y Gonzalo Puerto Gonz\u00e1lez, director de Promoci\u00f3n de SEDESOL, entre otras autoridades.<\/p>\n\n\n\n<p>M\u00e1s informaci\u00f3n sobre \u00abLlega seguro\u00bb en las redes sociales de la diputada @ceciliapatronl&nbsp;<\/p>\n","protected":false},"excerpt":{"rendered":"<p>M\u00c9RIDA, Yucat\u00e1n.- Lograremos entornos seguros si generamos conciencia desde la infancia sobre una adecuada movilidad en la que se privilegie a las personas, se\u00f1al\u00f3 la diputada federal Cecilia Patr\u00f3n Laviada.<\/p>\n","protected":false},"author":2,"featured_media":113448,"comment_status":"open","ping_status":"open","sticky":false,"template":"","format":"standard","meta":{"jetpack_post_was_ever_published":false,"_jetpack_newsletter_access":"","_jetpack_dont_email_post_to_subs":false,"_jetpack_newsletter_tier_id":0,"_jetpack_memberships_contains_paywalled_content":false,"_jetpack_memberships_contains_paid_content":false,"footnotes":"","jetpack_publicize_message":"","jetpack_publicize_feature_enabled":true,"jetpack_social_post_already_shared":true,"jetpack_social_options":{"image_generator_settings":{"template":"highway","default_image_id":0,"font":"","enabled":false},"version":2}},"categories":[14],"tags":[],"class_list":["post-113446","post","type-post","status-publish","format-standard","has-post-thumbnail","hentry","category-merida"],"jetpack_publicize_connections":[],"jetpack_featured_media_url":"https:\/\/formalprision.com\/wp-content\/uploads\/2023\/10\/WhatsApp-Image-2023-10-20-at-2.50.16-PM.jpeg","jetpack_sharing_enabled":true,"jetpack_shortlink":"https:\/\/wp.me\/p6id8p-tvM","_links":{"self":[{"href":"https:\/\/formalprision.com\/index.php?rest_route=\/wp\/v2\/posts\/113446","targetHints":{"allow":["GET"]}}],"collection":[{"href":"https:\/\/formalprision.com\/index.php?rest_route=\/wp\/v2\/posts"}],"about":[{"href":"https:\/\/formalprision.com\/index.php?rest_route=\/wp\/v2\/types\/post"}],"author":[{"embeddable":true,"href":"https:\/\/formalprision.com\/index.php?rest_route=\/wp\/v2\/users\/2"}],"replies":[{"embeddable":true,"href":"https:\/\/formalprision.com\/index.php?rest_route=%2Fwp%2Fv2%2Fcomments&post=113446"}],"version-history":[{"count":2,"href":"https:\/\/formalprision.com\/index.php?rest_route=\/wp\/v2\/posts\/113446\/revisions"}],"predecessor-version":[{"id":113465,"href":"https:\/\/formalprision.com\/index.php?rest_route=\/wp\/v2\/posts\/113446\/revisions\/113465"}],"wp:featuredmedia":[{"embeddable":true,"href":"https:\/\/formalprision.com\/index.php?rest_route=\/wp\/v2\/media\/113448"}],"wp:attachment":[{"href":"https:\/\/formalprision.com\/index.php?rest_route=%2Fwp%2Fv2%2Fmedia&parent=113446"}],"wp:term":[{"taxonomy":"category","embeddable":true,"href":"https:\/\/formalprision.com\/index.php?rest_route=%2Fwp%2Fv2%2Fcategories&post=113446"},{"taxonomy":"post_tag","embeddable":true,"href":"https:\/\/formalprision.com\/index.php?rest_route=%2Fwp%2Fv2%2Ftags&post=113446"}],"curies":[{"name":"wp","href":"https:\/\/api.w.org\/{rel}","templated":true}]}}