{"id":116406,"date":"2024-01-26T08:18:35","date_gmt":"2024-01-26T13:18:35","guid":{"rendered":"https:\/\/formalprision.com\/?p=116406"},"modified":"2024-01-27T11:30:29","modified_gmt":"2024-01-27T16:30:29","slug":"el-acceso-a-la-salud-es-para-todos-ramirez-marin","status":"publish","type":"post","link":"https:\/\/formalprision.com\/?p=116406","title":{"rendered":"El acceso a la salud es para todos\u201d: Ram\u00edrez Mar\u00edn"},"content":{"rendered":"\n<p>M\u00e9rida, Yucat\u00e1n, 25 de enero de 2024.- El Senador Jorge Carlos Ram\u00edrez Mar\u00edn contin\u00faa demostrando su compromiso con el bienestar de los yucatecos, especialmente aquellos que se encuentran en situaciones de vulnerabilidad.<\/p>\n\n\n\n<p>En esta ocasi\u00f3n, se llev\u00f3 a cabo con \u00e9xito la \u00abJornada de Salud en tu Colonia\u00bb en el asentamiento irregular Roble Agr\u00edcola, al Sur de M\u00e9rida, donde residen m\u00e1s de 300 familias en condiciones de extrema pobreza y sin acceso a servicios b\u00e1sicos, entre ellos, la atenci\u00f3n m\u00e9dica digna.<\/p>\n\n\n\n<p>\u201cPara que ninguna madre o padre de familia vuelva a preocuparse por d\u00f3nde llevar a sus hijos para que los atiendan cuando enferman porque no cuentan con la econom\u00eda para llevarlos a m\u00e9dicos particulares o porque no gozan de esta garant\u00eda, para eso hicimos las Cl\u00ednicas Mar\u00edn, por su tranquilidad, su econom\u00eda, por los yucatecos que m\u00e1s lo necesitan\u201d, expres\u00f3 el legislador.<\/p>\n\n\n\n<p>Durante la jornada, se ofrecieron servicios de atenci\u00f3n m\u00e9dica general, as\u00ed como estudios con un optometrista, lo cual fue recibido con gratitud por los residentes de la zona.<\/p>\n\n\n\n<p>En un contexto donde la falta de seguridad social y los altos costos de los servicios m\u00e9dicos privados son un obst\u00e1culo, los habitantes de Roble Agr\u00edcola expresaron su agradecimiento por contar con una opci\u00f3n para cuidar de la salud de sus seres queridos.<\/p>\n\n\n\n<p>Las Cl\u00ednicas Comunitarias Wilma Mar\u00edn fueron destacadas como una alternativa fundamental para aquellos que carecen de acceso a servicios m\u00e9dicos esenciales.<\/p>\n\n\n\n<p>Ram\u00edrez Mar\u00edn reafirm\u00f3 su compromiso de continuar trabajando para ampliar la cobertura de estas cl\u00ednicas y asegurar que m\u00e1s comunidades marginadas reciban la atenci\u00f3n m\u00e9dica que merecen<\/p>\n","protected":false},"excerpt":{"rendered":"<p>M\u00e9rida, Yucat\u00e1n, 25 de enero de 2024.- El Senador Jorge Carlos Ram\u00edrez Mar\u00edn contin\u00faa demostrando su compromiso con el bienestar de los yucatecos, especialmente aquellos que se encuentran en situaciones<\/p>\n","protected":false},"author":1,"featured_media":116407,"comment_status":"open","ping_status":"open","sticky":false,"template":"","format":"standard","meta":{"jetpack_post_was_ever_published":false,"_jetpack_newsletter_access":"","_jetpack_dont_email_post_to_subs":false,"_jetpack_newsletter_tier_id":0,"_jetpack_memberships_contains_paywalled_content":false,"_jetpack_memberships_contains_paid_content":false,"footnotes":"","jetpack_publicize_message":"","jetpack_publicize_feature_enabled":true,"jetpack_social_post_already_shared":true,"jetpack_social_options":{"image_generator_settings":{"template":"highway","default_image_id":0,"font":"","enabled":false},"version":2}},"categories":[54],"tags":[],"class_list":["post-116406","post","type-post","status-publish","format-standard","has-post-thumbnail","hentry","category-yucatan"],"jetpack_publicize_connections":[],"jetpack_featured_media_url":"https:\/\/formalprision.com\/wp-content\/uploads\/2024\/01\/FB_IMG_1706273594179.jpg","jetpack_sharing_enabled":true,"jetpack_shortlink":"https:\/\/wp.me\/p6id8p-uhw","_links":{"self":[{"href":"https:\/\/formalprision.com\/index.php?rest_route=\/wp\/v2\/posts\/116406","targetHints":{"allow":["GET"]}}],"collection":[{"href":"https:\/\/formalprision.com\/index.php?rest_route=\/wp\/v2\/posts"}],"about":[{"href":"https:\/\/formalprision.com\/index.php?rest_route=\/wp\/v2\/types\/post"}],"author":[{"embeddable":true,"href":"https:\/\/formalprision.com\/index.php?rest_route=\/wp\/v2\/users\/1"}],"replies":[{"embeddable":true,"href":"https:\/\/formalprision.com\/index.php?rest_route=%2Fwp%2Fv2%2Fcomments&post=116406"}],"version-history":[{"count":1,"href":"https:\/\/formalprision.com\/index.php?rest_route=\/wp\/v2\/posts\/116406\/revisions"}],"predecessor-version":[{"id":116408,"href":"https:\/\/formalprision.com\/index.php?rest_route=\/wp\/v2\/posts\/116406\/revisions\/116408"}],"wp:featuredmedia":[{"embeddable":true,"href":"https:\/\/formalprision.com\/index.php?rest_route=\/wp\/v2\/media\/116407"}],"wp:attachment":[{"href":"https:\/\/formalprision.com\/index.php?rest_route=%2Fwp%2Fv2%2Fmedia&parent=116406"}],"wp:term":[{"taxonomy":"category","embeddable":true,"href":"https:\/\/formalprision.com\/index.php?rest_route=%2Fwp%2Fv2%2Fcategories&post=116406"},{"taxonomy":"post_tag","embeddable":true,"href":"https:\/\/formalprision.com\/index.php?rest_route=%2Fwp%2Fv2%2Ftags&post=116406"}],"curies":[{"name":"wp","href":"https:\/\/api.w.org\/{rel}","templated":true}]}}