{"id":116409,"date":"2024-01-26T08:29:19","date_gmt":"2024-01-26T13:29:19","guid":{"rendered":"https:\/\/formalprision.com\/?p=116409"},"modified":"2024-01-29T09:40:54","modified_gmt":"2024-01-29T14:40:54","slug":"llegada-de-frente-frio-este-domingo-hara-descender-las-temperaturas-de-nuevo","status":"publish","type":"post","link":"https:\/\/formalprision.com\/?p=116409","title":{"rendered":"Llegada de frente fr\u00edo este domingo har\u00e1 descender las temperaturas de nuevo"},"content":{"rendered":"\n<p>M\u00e9rida, 25 de enero de 2024.- Con descensos de temperaturas, sobre todo en el centro y sur del estado, con norte, vientos y lluvias, Protecci\u00f3n Civil (Procivy) inform\u00f3 del inminente ingreso del frente fr\u00edo No.31 para la tarde-noche de este domingo 28 de enero al territorio yucateco.<\/p>\n\n\n\n<p>El director de la dependencia, Enrique Alcocer Basto, advirti\u00f3 de los efectos del pr\u00f3ximo sistema frontal, que trae consigo una masa de aire fr\u00edo, mismos que se extender\u00e1n hasta el 1 de febrero.<\/p>\n\n\n\n<p>Precis\u00f3 que el frente fr\u00edo marcar\u00e1 en los term\u00f3metros valores inferiores a 13\u00b0C en el cono sur, de 13\u00b0 a 15\u00b0C en el centro, de 14\u00b0 a 16\u00b0C en el noreste y noroeste del estado, y superiores a 18\u00b0 en la zona costera; mientras que las m\u00e1ximas se mantendr\u00e1n en el rango de 26\u00b0 a 30\u00b0C.<\/p>\n\n\n\n<p>Con datos del Sistema Estatal de Monitoreo y Alertamiento (SEMA) de Procivy, el sistema originar\u00e1 evento norte moderado con rachas de 40 a 55 km\/h en la zona costera y de 30 a 40 km\/h en el interior del estado, as\u00ed como oleaje de 1.8 a 2.5 metros.<\/p>\n\n\n\n<p>En cuanto a lluvias, ser\u00e1n ligeras y moderadas en los municipios del noroeste y ocasionalmente fuerte en los del noreste, centro y sureste.&nbsp;<\/p>\n\n\n\n<p>Por lo anterior, el titular de Procivy recomend\u00f3 a la poblaci\u00f3n, como medida preventiva, adoptar precauciones y resguardarse del fr\u00edo, sobre todo en la madrugada y amaneceres, adem\u00e1s de las lluvias y fuertes vientos.<\/p>\n\n\n\n<p>Este sistema frontal es el s\u00e9ptimo de los cinco que inicialmente consider\u00f3 la dependencia en su perspectiva para enero 2024; y el dieciocho de la temporada, esperando la influencia de 11 frentes fr\u00edos m\u00e1s para el resto de la temporada invernal 2023-2024.<\/p>\n\n\n\n<p>Hasta el momento no se ha superado alg\u00fan r\u00e9cord en las temperaturas t\u00edpicas de enero; sin embargo, en el municipio de Conkal se igual\u00f3 la temperatura m\u00e1xima hist\u00f3rica de 37.0 \u00b0C<\/p>\n","protected":false},"excerpt":{"rendered":"<p>M\u00e9rida, 25 de enero de 2024.- Con descensos de temperaturas, sobre todo en el centro y sur del estado, con norte, vientos y lluvias, Protecci\u00f3n Civil (Procivy) inform\u00f3 del inminente<\/p>\n","protected":false},"author":1,"featured_media":116410,"comment_status":"open","ping_status":"open","sticky":false,"template":"","format":"standard","meta":{"jetpack_post_was_ever_published":false,"_jetpack_newsletter_access":"","_jetpack_dont_email_post_to_subs":false,"_jetpack_newsletter_tier_id":0,"_jetpack_memberships_contains_paywalled_content":false,"_jetpack_memberships_contains_paid_content":false,"footnotes":"","jetpack_publicize_message":"","jetpack_publicize_feature_enabled":true,"jetpack_social_post_already_shared":true,"jetpack_social_options":{"image_generator_settings":{"template":"highway","default_image_id":0,"font":"","enabled":false},"version":2}},"categories":[47,54],"tags":[],"class_list":["post-116409","post","type-post","status-publish","format-standard","has-post-thumbnail","hentry","category-narcos","category-yucatan"],"jetpack_publicize_connections":[],"jetpack_featured_media_url":"https:\/\/formalprision.com\/wp-content\/uploads\/2024\/01\/Screenshot_20240126_070530.jpg","jetpack_sharing_enabled":true,"jetpack_shortlink":"https:\/\/wp.me\/p6id8p-uhz","_links":{"self":[{"href":"https:\/\/formalprision.com\/index.php?rest_route=\/wp\/v2\/posts\/116409","targetHints":{"allow":["GET"]}}],"collection":[{"href":"https:\/\/formalprision.com\/index.php?rest_route=\/wp\/v2\/posts"}],"about":[{"href":"https:\/\/formalprision.com\/index.php?rest_route=\/wp\/v2\/types\/post"}],"author":[{"embeddable":true,"href":"https:\/\/formalprision.com\/index.php?rest_route=\/wp\/v2\/users\/1"}],"replies":[{"embeddable":true,"href":"https:\/\/formalprision.com\/index.php?rest_route=%2Fwp%2Fv2%2Fcomments&post=116409"}],"version-history":[{"count":1,"href":"https:\/\/formalprision.com\/index.php?rest_route=\/wp\/v2\/posts\/116409\/revisions"}],"predecessor-version":[{"id":116411,"href":"https:\/\/formalprision.com\/index.php?rest_route=\/wp\/v2\/posts\/116409\/revisions\/116411"}],"wp:featuredmedia":[{"embeddable":true,"href":"https:\/\/formalprision.com\/index.php?rest_route=\/wp\/v2\/media\/116410"}],"wp:attachment":[{"href":"https:\/\/formalprision.com\/index.php?rest_route=%2Fwp%2Fv2%2Fmedia&parent=116409"}],"wp:term":[{"taxonomy":"category","embeddable":true,"href":"https:\/\/formalprision.com\/index.php?rest_route=%2Fwp%2Fv2%2Fcategories&post=116409"},{"taxonomy":"post_tag","embeddable":true,"href":"https:\/\/formalprision.com\/index.php?rest_route=%2Fwp%2Fv2%2Ftags&post=116409"}],"curies":[{"name":"wp","href":"https:\/\/api.w.org\/{rel}","templated":true}]}}