{"id":116418,"date":"2024-01-26T09:14:18","date_gmt":"2024-01-26T14:14:18","guid":{"rendered":"https:\/\/formalprision.com\/?p=116418"},"modified":"2024-01-29T09:40:16","modified_gmt":"2024-01-29T14:40:16","slug":"el-cecuny-cumple-30-anos-de-fomentar-la-imaginacion-de-la-ninez-yucateca","status":"publish","type":"post","link":"https:\/\/formalprision.com\/?p=116418","title":{"rendered":"El Cecuny cumple 30 a\u00f1os de fomentar la imaginaci\u00f3n de la ni\u00f1ez yucateca"},"content":{"rendered":"\n<p>M\u00c9RIDA, Yucat\u00e1n.- El Centro de la Ni\u00f1ez Yucateca (Cecuny) cumpli\u00f3 30 a\u00f1os de apoyar el talento art\u00edstico de las infancias de nuestro estado y cumplir con el objetivo del Gobernador Mauricio Vila Dosal de garantizar el acceso a la cultura a este sector de la poblaci\u00f3n.<\/p>\n\n\n\n<p>Como parte del aniversario, se nombr\u00f3 a la biblioteca de este centro Beatriz Rodr\u00edguez Guillermo, en memoria de la precursora del proyecto educativo del Cecuny y quien en vida destac\u00f3 por su trabajo a favor de las ni\u00f1as y los ni\u00f1os.<\/p>\n\n\n\n<p>La develaci\u00f3n de la placa conmemorativa estuvo a cargo de la titular de la Secretar\u00eda de la Cultura y las Artes (Sedeculta), Loreto Villanueva Trujillo; la coordinadora del Cecuny, Shirley Dorantes Cob\u00e1; la maestra y coordinadora acad\u00e9mica del espacio en sus inicios, Eva Vel\u00e1zquez Viramontes y las alumnas Alison Mena Delgado y Miranda de la Rosa Caamal.<\/p>\n\n\n\n<p>Villanueva Trujillo, felicit\u00f3 a todas y todos los estudiantes, maestras y maestros; y les explic\u00f3 a los infantes que Rodr\u00edguez Guillermo siempre crey\u00f3 que el centro, un lugar hermoso con sus grandes jardines, era un espacio destinado para ellos; y destac\u00f3 que su fundadora \u201cten\u00eda un coraz\u00f3n enorme, siempre pens\u00f3 en las ni\u00f1as y los ni\u00f1os y dijo que ten\u00eda que escribir cosas bonitas para que aprendan valores\u201d.<\/p>\n\n\n\n<p>A su vez Dorantes Cob\u00e1 destac\u00f3 que a pesar de no conocer a la maestra Beatriz \u201cel caminar por el Cecuny es conocerla, escuchar su nombre, ver su trabajo, ver su legado y el d\u00eda de hoy este homenaje lo hacemos por su legado como creadora del modelo Cecuny, el cual sigue vigente y es la columna vertebral de nuestro centro cultural\u201d.<\/p>\n\n\n\n<p>Por su parte Vel\u00e1zquez Viramontes agradeci\u00f3 la invitaci\u00f3n para participar y hablar de la homenajeada y coment\u00f3 que en los inicios la intenci\u00f3n fue \u201ccrear un espacio donde los sue\u00f1os de las ni\u00f1as y los ni\u00f1os se realicen en libertad y respeto, proveerles de experiencias que les permitan decidir sobre lo que les guste o simplemente conocer para vencer en un tanto a la ignorancia gracias al arte y la ciencia\u201d.<\/p>\n\n\n\n<p>En el evento se realiz\u00f3 un recorrido por una exposici\u00f3n con notas period\u00edsticas sobre los inicios del centro cultural y sus actividades destacadas; posteriormente invitados y alumnado disfrutaron los relatos del maestro Juan Castillo Aguilar que comparti\u00f3 una historia con las ni\u00f1as y ni\u00f1os.<\/p>\n\n\n\n<p>Despu\u00e9s se inaugur\u00f3 la exhibici\u00f3n Dragones Digitales de las y los estudiantes que participaron en el taller de fotograf\u00eda que imparti\u00f3 el artista visual Walter Vera, especialmente para la celebraci\u00f3n de las tres d\u00e9cadas de existencia del lugar.<\/p>\n\n\n\n<p>El Cecuny abri\u00f3 el 24 de enero de 1994, desde entonces a trav\u00e9s del juego y el arte se propicia el desarrollo arm\u00f3nico e integral de los infantes para lograr su integraci\u00f3n con el medio ambiente, la ciencia, la tecnolog\u00eda, la cultura, el conocimiento y valoraci\u00f3n del patrimonio de nuestro Estado.<\/p>\n\n\n\n<p>Actualmente, en el espacio que se encuentra en el barrio de La Mejorada del Centro Hist\u00f3rico de M\u00e9rida, se imparten clases de lunes a viernes de 16:00 a 19:00 horas, a una matr\u00edcula de 448 alumnos de entre 4 y 12 a\u00f1os con la gu\u00eda de 35 talleristas.<\/p>\n\n\n\n<p>Se dan clases de creatividad (sensibilizaci\u00f3n art\u00edstica), guitarra, bater\u00eda, viol\u00edn, teclado moderno, piano, coro, ballet, jazz, folklore, expresi\u00f3n corporal, teatro, t\u00edteres, pantomima, ajedrez, artes visuales, construcci\u00f3n tridimensional, iluminaci\u00f3n, literatura, kooxbaxal, lengua maya y plastilina.<\/p>\n","protected":false},"excerpt":{"rendered":"<p>M\u00c9RIDA, Yucat\u00e1n.- El Centro de la Ni\u00f1ez Yucateca (Cecuny) cumpli\u00f3 30 a\u00f1os de apoyar el talento art\u00edstico de las infancias de nuestro estado y cumplir con el objetivo del Gobernador<\/p>\n","protected":false},"author":2,"featured_media":116420,"comment_status":"open","ping_status":"open","sticky":false,"template":"","format":"standard","meta":{"jetpack_post_was_ever_published":false,"_jetpack_newsletter_access":"","_jetpack_dont_email_post_to_subs":false,"_jetpack_newsletter_tier_id":0,"_jetpack_memberships_contains_paywalled_content":false,"_jetpack_memberships_contains_paid_content":false,"footnotes":"","jetpack_publicize_message":"","jetpack_publicize_feature_enabled":true,"jetpack_social_post_already_shared":true,"jetpack_social_options":{"image_generator_settings":{"template":"highway","default_image_id":0,"font":"","enabled":false},"version":2}},"categories":[14],"tags":[],"class_list":["post-116418","post","type-post","status-publish","format-standard","has-post-thumbnail","hentry","category-merida"],"jetpack_publicize_connections":[],"jetpack_featured_media_url":"https:\/\/formalprision.com\/wp-content\/uploads\/2024\/01\/30-anos-del-Cecuny-4.jpg","jetpack_sharing_enabled":true,"jetpack_shortlink":"https:\/\/wp.me\/p6id8p-uhI","_links":{"self":[{"href":"https:\/\/formalprision.com\/index.php?rest_route=\/wp\/v2\/posts\/116418","targetHints":{"allow":["GET"]}}],"collection":[{"href":"https:\/\/formalprision.com\/index.php?rest_route=\/wp\/v2\/posts"}],"about":[{"href":"https:\/\/formalprision.com\/index.php?rest_route=\/wp\/v2\/types\/post"}],"author":[{"embeddable":true,"href":"https:\/\/formalprision.com\/index.php?rest_route=\/wp\/v2\/users\/2"}],"replies":[{"embeddable":true,"href":"https:\/\/formalprision.com\/index.php?rest_route=%2Fwp%2Fv2%2Fcomments&post=116418"}],"version-history":[{"count":1,"href":"https:\/\/formalprision.com\/index.php?rest_route=\/wp\/v2\/posts\/116418\/revisions"}],"predecessor-version":[{"id":116419,"href":"https:\/\/formalprision.com\/index.php?rest_route=\/wp\/v2\/posts\/116418\/revisions\/116419"}],"wp:featuredmedia":[{"embeddable":true,"href":"https:\/\/formalprision.com\/index.php?rest_route=\/wp\/v2\/media\/116420"}],"wp:attachment":[{"href":"https:\/\/formalprision.com\/index.php?rest_route=%2Fwp%2Fv2%2Fmedia&parent=116418"}],"wp:term":[{"taxonomy":"category","embeddable":true,"href":"https:\/\/formalprision.com\/index.php?rest_route=%2Fwp%2Fv2%2Fcategories&post=116418"},{"taxonomy":"post_tag","embeddable":true,"href":"https:\/\/formalprision.com\/index.php?rest_route=%2Fwp%2Fv2%2Ftags&post=116418"}],"curies":[{"name":"wp","href":"https:\/\/api.w.org\/{rel}","templated":true}]}}