{"id":116437,"date":"2024-01-27T08:36:56","date_gmt":"2024-01-27T13:36:56","guid":{"rendered":"https:\/\/formalprision.com\/?p=116437"},"modified":"2024-01-29T09:39:31","modified_gmt":"2024-01-29T14:39:31","slug":"candidatos-a-gobernador-de-yucatan-podran-gastar-casi-100-millones-de-pesos-en-campana","status":"publish","type":"post","link":"https:\/\/formalprision.com\/?p=116437","title":{"rendered":"Candidatos a gobernador de Yucat\u00e1n podr\u00e1n gastar casi 100 millones de pesos en campa\u00f1a"},"content":{"rendered":"\n<p>M\u00c9RIDA, Yucat\u00e1n.- El Consejo General del Instituto Electoral y de Participaci\u00f3n Ciudadana de Yucat\u00e1n aprob\u00f3 hoy los gastos m\u00e1ximos de campa\u00f1a que podr\u00e1n erogar los partidos pol\u00edticos y sus candidatas y candidatos durante las campa\u00f1as electorales para la gubernatura, diputaciones y regidur\u00edas en el Proceso Electoral Local 2023-2024.<\/p>\n\n\n\n<p>Con lo anterior, para la gubernatura, el gasto m\u00e1ximo de campa\u00f1a ser\u00e1 de $98.899,839.47 en tanto que para las diputaciones y regidur\u00edas ser\u00e1n variables de acuerdo con diversos factores establecidos en la legislaci\u00f3n electoral, entre ellos, el padr\u00f3n electoral con corte al 31 de diciembre del 2023.<\/p>\n\n\n\n<p>En el caso de las diputaciones, el gasto m\u00e1ximo m\u00e1s alto ser\u00e1 en el Distrito 4 con hasta $5,255,439.42 y el m\u00ednimo ser\u00e1 en el Distrital 10 con hasta $3,694,474.25, mientras en la elecci\u00f3n de regidur\u00edas, el gasto m\u00e1ximo m\u00e1s alto se dar\u00e1 en el municipio de M\u00e9rida con hasta $45,509,267.90.<\/p>\n\n\n\n<p>Durante la sesi\u00f3n extraordinaria en la modalidad presencial h\u00edbrida, el Consejo General tambi\u00e9n aprob\u00f3 los dise\u00f1os y especificaciones t\u00e9cnicas de la documentaci\u00f3n electoral con emblemas y la bolsa PREP que se utilizar\u00e1 en el Proceso Electoral y que fueron elaborados cumpliendo con la normativa se\u00f1alada en el Reglamento de Elecciones del Instituto Nacional Electoral.<\/p>\n\n\n\n<p>De la misma manera, se aprob\u00f3 el dise\u00f1o de la documentaci\u00f3n electoral con emblemas para el voto de los yucatecos residentes en el extranjero bajo la modalidad electr\u00f3nica por Internet y la modalidad electr\u00f3nica presencial en m\u00f3dulos receptores de votaci\u00f3n, cuyos modelos tambi\u00e9n fueron elaborados cumpliendo con la normativa se\u00f1alada en el Reglamento de Elecciones del INE.<\/p>\n\n\n\n<p>Entre otras cosas, el Consejo General aprob\u00f3 un acuerdo mediante el cual se da respuesta a la solicitud formulada por la representaci\u00f3n del partido Morena en relaci\u00f3n a la designaci\u00f3n de una coordinadora distrital, que posteriormente, renunci\u00f3 formalmente al cargo.<\/p>\n\n\n\n<p>En la misma sesi\u00f3n, se acord\u00f3 cancelar la calidad de aspirante a la candidatura independiente de la gubernatura del Estado de un ciudadano, por considerar que incumpli\u00f3 con algunos requerimientos de Ley.<\/p>\n\n\n\n<p>Por otro lado, por unanimidad, el Consejo General aprob\u00f3 el sobreseimiento del Procedimiento Sancionador Ordinario abierto en contra de un funcionario p\u00fablico y dos medios de comunicaci\u00f3n por presuntos actos anticipados de precampa\u00f1a que finalmente no fueron plenamente comprobados por la parte denunciante, por lo que se orden\u00f3 archivar el expediente como asunto total y definitivamente concluido.<\/p>\n\n\n\n<p>De la misma manera, fue autorizado el Consejero Presidente, Mois\u00e9s Bates Aguilar y el Secretario Ejecutivo, Enrique de Jes\u00fas Uc Ibarra para suscribir un Convenio de Apoyo y Colaboraci\u00f3n con la Asociaci\u00f3n Mexicana de Consejeras Estatales Electorales A.C. (AMCEE), con el objeto de establecer bases y acuerdos para la incorporaci\u00f3n del Instituto al Programa Operativo de la Red de Candidatas y la Red de Mujeres electas; as\u00ed como estar en posibilidad de fortalecer la vida democr\u00e1tica en Yucat\u00e1n promoviendo el ejercicio de los derechos pol\u00edtico-electorales libres de violencia pol\u00edtica contra las mujeres en raz\u00f3n de g\u00e9nero, sin discriminaci\u00f3n por origen \u00e9tnico o nacional, g\u00e9nero, edad, discapacidades, condici\u00f3n social, condiciones de salud, religi\u00f3n, opiniones, preferencias sexuales, estado civil o cualquier otra que atente contra la dignidad humana o tenga por objeto anular o menoscabar los derechos y libertades de las personas.<\/p>\n\n\n\n<p>Finalmente, se aprob\u00f3 el calendario de d\u00edas inh\u00e1biles del Instituto para el presente a\u00f1o.<\/p>\n","protected":false},"excerpt":{"rendered":"<p>M\u00c9RIDA, Yucat\u00e1n.- El Consejo General del Instituto Electoral y de Participaci\u00f3n Ciudadana de Yucat\u00e1n aprob\u00f3 hoy los gastos m\u00e1ximos de campa\u00f1a que podr\u00e1n erogar los partidos pol\u00edticos y sus candidatas<\/p>\n","protected":false},"author":2,"featured_media":116439,"comment_status":"open","ping_status":"open","sticky":false,"template":"","format":"standard","meta":{"jetpack_post_was_ever_published":false,"_jetpack_newsletter_access":"","_jetpack_dont_email_post_to_subs":false,"_jetpack_newsletter_tier_id":0,"_jetpack_memberships_contains_paywalled_content":false,"_jetpack_memberships_contains_paid_content":false,"footnotes":"","jetpack_publicize_message":"","jetpack_publicize_feature_enabled":true,"jetpack_social_post_already_shared":true,"jetpack_social_options":{"image_generator_settings":{"template":"highway","default_image_id":0,"font":"","enabled":false},"version":2}},"categories":[54],"tags":[],"class_list":["post-116437","post","type-post","status-publish","format-standard","has-post-thumbnail","hentry","category-yucatan"],"jetpack_publicize_connections":[],"jetpack_featured_media_url":"https:\/\/formalprision.com\/wp-content\/uploads\/2024\/01\/Sesion-CG.jpg","jetpack_sharing_enabled":true,"jetpack_shortlink":"https:\/\/wp.me\/p6id8p-ui1","_links":{"self":[{"href":"https:\/\/formalprision.com\/index.php?rest_route=\/wp\/v2\/posts\/116437","targetHints":{"allow":["GET"]}}],"collection":[{"href":"https:\/\/formalprision.com\/index.php?rest_route=\/wp\/v2\/posts"}],"about":[{"href":"https:\/\/formalprision.com\/index.php?rest_route=\/wp\/v2\/types\/post"}],"author":[{"embeddable":true,"href":"https:\/\/formalprision.com\/index.php?rest_route=\/wp\/v2\/users\/2"}],"replies":[{"embeddable":true,"href":"https:\/\/formalprision.com\/index.php?rest_route=%2Fwp%2Fv2%2Fcomments&post=116437"}],"version-history":[{"count":1,"href":"https:\/\/formalprision.com\/index.php?rest_route=\/wp\/v2\/posts\/116437\/revisions"}],"predecessor-version":[{"id":116438,"href":"https:\/\/formalprision.com\/index.php?rest_route=\/wp\/v2\/posts\/116437\/revisions\/116438"}],"wp:featuredmedia":[{"embeddable":true,"href":"https:\/\/formalprision.com\/index.php?rest_route=\/wp\/v2\/media\/116439"}],"wp:attachment":[{"href":"https:\/\/formalprision.com\/index.php?rest_route=%2Fwp%2Fv2%2Fmedia&parent=116437"}],"wp:term":[{"taxonomy":"category","embeddable":true,"href":"https:\/\/formalprision.com\/index.php?rest_route=%2Fwp%2Fv2%2Fcategories&post=116437"},{"taxonomy":"post_tag","embeddable":true,"href":"https:\/\/formalprision.com\/index.php?rest_route=%2Fwp%2Fv2%2Ftags&post=116437"}],"curies":[{"name":"wp","href":"https:\/\/api.w.org\/{rel}","templated":true}]}}