{"id":116448,"date":"2024-01-27T17:08:11","date_gmt":"2024-01-27T22:08:11","guid":{"rendered":"https:\/\/formalprision.com\/?p=116448"},"modified":"2024-01-30T00:26:33","modified_gmt":"2024-01-30T05:26:33","slug":"cecilia-patron-destaca-la-exitosa-labor-de-esterimovil-por-el-bienestar-animal","status":"publish","type":"post","link":"https:\/\/formalprision.com\/?p=116448","title":{"rendered":"Cecilia Patr\u00f3n destaca la exitosa labor de \u201cEsterim\u00f3vil\u201d por el bienestar animal"},"content":{"rendered":"\n<p>M\u00c9RIDA, Yucat\u00e1n.- La Diputada Federal Cecilia Patr\u00f3n Laviada particip\u00f3 como voluntaria en la jornada de esterilizaci\u00f3n animal del \u201cEsterim\u00f3vil\u201d en la colonia Guadalupana, proyecto que busca alcanzar la meta de m\u00e1s de 4 mil esterilizaciones gratuitas en este a\u00f1o.<\/p>\n\n\n\n<p>\u201cUno de los temas que m\u00e1s me apasiona como Diputada, pero sobre todo como ciudadana, es el bienestar animal, por ello desde el poder legislativo federal he presentado iniciativas de ley para impulsar la tenencia responsable\u201d extern\u00f3.<\/p>\n\n\n\n<p>Cecilia Patr\u00f3n mencion\u00f3 que adem\u00e1s de fortalecer un marco normativo que castiga el maltrato o la crueldad animal, habr\u00e1 que redoblar esfuerzos con programas que prevengan la sobrepoblaci\u00f3n de perros y gatos, que impulsen la tenencia responsable y que promuevan la adopci\u00f3n de cientos de animalitos que llegan a los santuarios o albergues de colectivos y asociaciones.<\/p>\n\n\n\n<p>\u201cAlgo que es muy importante es el compromiso de la ciudadan\u00eda, de quienes hoy tienen un animalito en casa y es necesario que sean responsables de su cuidado\u201d, indic\u00f3.<\/p>\n\n\n\n<p>\u201cEl regidor de M\u00e9rida Ra\u00fal Escalante inici\u00f3 el \u201cEsterim\u00f3vil\u201d, del que soy impulsora y voluntaria, que ha ayudado a mejorar la salud de m\u00e1s de 3 mil perros y gatos a trav\u00e9s de la esterilizaci\u00f3n, esperamos que contin\u00fae as\u00ed y siga llegando de forma gratuita a cada rinc\u00f3n de la ciudad\u201d subray\u00f3.<\/p>\n\n\n\n<p>El \u00e9xito es el compromiso de los voluntarios en cada jornada de esterilizaci\u00f3n, al igual que la participaci\u00f3n activa de cada due\u00f1o que trae a su animalito en busca de mejorar su calidad de vida, \u201cun acto que demuestra el cari\u00f1o y el amor que le tienen a sus mascotas\u201d, expres\u00f3 Cecilia Patr\u00f3n.<\/p>\n\n\n\n<p>Este fin de semana el \u201cEsterim\u00f3vil\u201d realizar\u00e1 hasta 120 esterilizaciones gratuitas en la colonia Guadalupana, y pr\u00f3ximamente tendr\u00e1 a disposici\u00f3n una nueva fecha para la atenci\u00f3n de perros y gatos en la zona Centro de la ciudad.&nbsp;<\/p>\n\n\n\n<p>Para poder acceder al programa es necesario que los due\u00f1os tomen previamente una pl\u00e1tica de tenencia responsable a la que deber\u00e1n inscribirse enviando un mensaje a trav\u00e9s en la p\u00e1gina de Facebook de \u201cEsterim\u00f3vil\u201d hasta antes del d\u00eda 6 de febrero.<\/p>\n","protected":false},"excerpt":{"rendered":"<p>M\u00c9RIDA, Yucat\u00e1n.- La Diputada Federal Cecilia Patr\u00f3n Laviada particip\u00f3 como voluntaria en la jornada de esterilizaci\u00f3n animal del \u201cEsterim\u00f3vil\u201d en la colonia Guadalupana, proyecto que busca alcanzar la meta de<\/p>\n","protected":false},"author":2,"featured_media":116450,"comment_status":"open","ping_status":"open","sticky":false,"template":"","format":"standard","meta":{"jetpack_post_was_ever_published":false,"_jetpack_newsletter_access":"","_jetpack_dont_email_post_to_subs":false,"_jetpack_newsletter_tier_id":0,"_jetpack_memberships_contains_paywalled_content":false,"_jetpack_memberships_contains_paid_content":false,"footnotes":"","jetpack_publicize_message":"","jetpack_publicize_feature_enabled":true,"jetpack_social_post_already_shared":true,"jetpack_social_options":{"image_generator_settings":{"template":"highway","default_image_id":0,"font":"","enabled":false},"version":2}},"categories":[17],"tags":[],"class_list":["post-116448","post","type-post","status-publish","format-standard","has-post-thumbnail","hentry","category-politica-y-gobierno"],"jetpack_publicize_connections":[],"jetpack_featured_media_url":"https:\/\/formalprision.com\/wp-content\/uploads\/2024\/01\/WhatsApp-Image-2024-01-27-at-3.35.41-PM.jpeg","jetpack_sharing_enabled":true,"jetpack_shortlink":"https:\/\/wp.me\/p6id8p-uic","_links":{"self":[{"href":"https:\/\/formalprision.com\/index.php?rest_route=\/wp\/v2\/posts\/116448","targetHints":{"allow":["GET"]}}],"collection":[{"href":"https:\/\/formalprision.com\/index.php?rest_route=\/wp\/v2\/posts"}],"about":[{"href":"https:\/\/formalprision.com\/index.php?rest_route=\/wp\/v2\/types\/post"}],"author":[{"embeddable":true,"href":"https:\/\/formalprision.com\/index.php?rest_route=\/wp\/v2\/users\/2"}],"replies":[{"embeddable":true,"href":"https:\/\/formalprision.com\/index.php?rest_route=%2Fwp%2Fv2%2Fcomments&post=116448"}],"version-history":[{"count":1,"href":"https:\/\/formalprision.com\/index.php?rest_route=\/wp\/v2\/posts\/116448\/revisions"}],"predecessor-version":[{"id":116449,"href":"https:\/\/formalprision.com\/index.php?rest_route=\/wp\/v2\/posts\/116448\/revisions\/116449"}],"wp:featuredmedia":[{"embeddable":true,"href":"https:\/\/formalprision.com\/index.php?rest_route=\/wp\/v2\/media\/116450"}],"wp:attachment":[{"href":"https:\/\/formalprision.com\/index.php?rest_route=%2Fwp%2Fv2%2Fmedia&parent=116448"}],"wp:term":[{"taxonomy":"category","embeddable":true,"href":"https:\/\/formalprision.com\/index.php?rest_route=%2Fwp%2Fv2%2Fcategories&post=116448"},{"taxonomy":"post_tag","embeddable":true,"href":"https:\/\/formalprision.com\/index.php?rest_route=%2Fwp%2Fv2%2Ftags&post=116448"}],"curies":[{"name":"wp","href":"https:\/\/api.w.org\/{rel}","templated":true}]}}