{"id":120679,"date":"2024-06-08T08:40:28","date_gmt":"2024-06-08T13:40:28","guid":{"rendered":"https:\/\/formalprision.com\/?p=120679"},"modified":"2024-06-09T13:37:06","modified_gmt":"2024-06-09T18:37:06","slug":"milei-elimina-la-subsecretaria-para-combatir-la-violencia-de-genero-y-dispara-las-criticas-feministas","status":"publish","type":"post","link":"https:\/\/formalprision.com\/?p=120679","title":{"rendered":"Milei elimina la subsecretar\u00eda para combatir la violencia de g\u00e9nero y dispara las cr\u00edticas feministas"},"content":{"rendered":"\n<p>BUENOS AIRES (AP).- El gobierno del presidente argentino, Javier Milei, elimin\u00f3 la subsecretar\u00eda a la que hab\u00eda quedado reducido el antiguo Ministerio de Mujeres, G\u00e9nero y Diversidades, una medida que, seg\u00fan dijo, busca reducir el tama\u00f1o del Estado y sacar de escena a los \u201corganismos politizados\u201d y que ha generado el repudio del combativo colectivo feminista de su pa\u00eds.<\/p>\n\n\n\n<p>En un comunicado titulado \u201cSe concret\u00f3 el cierre del ex Ministerio de la Mujer\u201d, el gobierno del dirigente ultraliberal y de extrema derecha argument\u00f3 que la Subsecretar\u00eda de Protecci\u00f3n contra la Violencia de G\u00e9nero fue utilizada \u201cpara propagar e imponer una agenda ideol\u00f3gica, contratar militantes, y organizar charlas y eventos\u201d.<\/p>\n\n\n\n<p>\u201cNinguna de sus acciones concluy\u00f3 en la baja del \u00edndice del delito. Por el contrario, el pueblo argentino fue testigo de su sesgo ideol\u00f3gico en la defensa discriminatoria de las v\u00edctimas\u201d, asever\u00f3 el comunicado difundido el jueves por la noche por el portavoz presidencial, Manuel Adorni, en su cuenta de X, antes Twitter.<\/p>\n\n\n\n<p>Seg\u00fan el oficialismo, una auditor\u00eda detect\u00f3 que en dicha subsecretar\u00eda exist\u00eda una superposici\u00f3n de funciones con distintas agencias gubernamentales que se dedican a la misma tarea, lo que implicaba gastos para mantener edificios y m\u00e1s de 800 empleados \u201cque al Estado argentino no le sobra\u201d.<\/p>\n","protected":false},"excerpt":{"rendered":"<p>BUENOS AIRES (AP).- El gobierno del presidente argentino, Javier Milei, elimin\u00f3 la subsecretar\u00eda a la que hab\u00eda quedado reducido el antiguo Ministerio de Mujeres, G\u00e9nero y Diversidades, una medida que,<\/p>\n","protected":false},"author":2,"featured_media":120681,"comment_status":"open","ping_status":"open","sticky":false,"template":"","format":"standard","meta":{"jetpack_post_was_ever_published":false,"_jetpack_newsletter_access":"","_jetpack_dont_email_post_to_subs":false,"_jetpack_newsletter_tier_id":0,"_jetpack_memberships_contains_paywalled_content":false,"_jetpack_memberships_contains_paid_content":false,"footnotes":"","jetpack_publicize_message":"","jetpack_publicize_feature_enabled":true,"jetpack_social_post_already_shared":true,"jetpack_social_options":{"image_generator_settings":{"template":"highway","default_image_id":0,"font":"","enabled":false},"version":2}},"categories":[23],"tags":[],"class_list":["post-120679","post","type-post","status-publish","format-standard","has-post-thumbnail","hentry","category-del-mundo"],"jetpack_publicize_connections":[],"jetpack_featured_media_url":"https:\/\/formalprision.com\/wp-content\/uploads\/2024\/06\/milei.jpg","jetpack_sharing_enabled":true,"jetpack_shortlink":"https:\/\/wp.me\/p6id8p-vor","_links":{"self":[{"href":"https:\/\/formalprision.com\/index.php?rest_route=\/wp\/v2\/posts\/120679","targetHints":{"allow":["GET"]}}],"collection":[{"href":"https:\/\/formalprision.com\/index.php?rest_route=\/wp\/v2\/posts"}],"about":[{"href":"https:\/\/formalprision.com\/index.php?rest_route=\/wp\/v2\/types\/post"}],"author":[{"embeddable":true,"href":"https:\/\/formalprision.com\/index.php?rest_route=\/wp\/v2\/users\/2"}],"replies":[{"embeddable":true,"href":"https:\/\/formalprision.com\/index.php?rest_route=%2Fwp%2Fv2%2Fcomments&post=120679"}],"version-history":[{"count":1,"href":"https:\/\/formalprision.com\/index.php?rest_route=\/wp\/v2\/posts\/120679\/revisions"}],"predecessor-version":[{"id":120680,"href":"https:\/\/formalprision.com\/index.php?rest_route=\/wp\/v2\/posts\/120679\/revisions\/120680"}],"wp:featuredmedia":[{"embeddable":true,"href":"https:\/\/formalprision.com\/index.php?rest_route=\/wp\/v2\/media\/120681"}],"wp:attachment":[{"href":"https:\/\/formalprision.com\/index.php?rest_route=%2Fwp%2Fv2%2Fmedia&parent=120679"}],"wp:term":[{"taxonomy":"category","embeddable":true,"href":"https:\/\/formalprision.com\/index.php?rest_route=%2Fwp%2Fv2%2Fcategories&post=120679"},{"taxonomy":"post_tag","embeddable":true,"href":"https:\/\/formalprision.com\/index.php?rest_route=%2Fwp%2Fv2%2Ftags&post=120679"}],"curies":[{"name":"wp","href":"https:\/\/api.w.org\/{rel}","templated":true}]}}