{"id":120682,"date":"2024-06-08T08:47:45","date_gmt":"2024-06-08T13:47:45","guid":{"rendered":"https:\/\/formalprision.com\/?p=120682"},"modified":"2024-06-09T13:36:42","modified_gmt":"2024-06-09T18:36:42","slug":"el-ine-reactiva-en-yucatan-sus-modulos-para-tramitar-las-credenciales-de-elector","status":"publish","type":"post","link":"https:\/\/formalprision.com\/?p=120682","title":{"rendered":"El INE reactiva en Yucat\u00e1n sus m\u00f3dulos para tramitar las credenciales de elector"},"content":{"rendered":"\n<p>M\u00c9RIDA, Yucat\u00e1n.- Los 16 M\u00f3dulos de Atenci\u00f3n Ciudadana que tiene el Instituto Nacional Electoral (INE) en Yucat\u00e1n retomar\u00e1n su funcionamiento habitual a partir del pr\u00f3ximo lunes 10 de junio, una vez transcurrida la Jornada Electoral y los c\u00f3mputos distritales, actividades en las que buena parte del personal que labora en esos m\u00f3dulos estuvo de apoyo.<\/p>\n\n\n\n<p>El vocal del Registro Federal de Electores (RFE) en Yucat\u00e1n, Eli\u00e9zer Serrano Rodr\u00edguez, destac\u00f3 que la atenci\u00f3n a la ciudadan\u00eda para tramitar la Credencial para Votar se reanud\u00f3 desde el d\u00eda lunes 3 de junio. Sin embargo, el servicio se ofrece solo en ocho de los diecis\u00e9is m\u00f3dulos con que se cuenta, espec\u00edficamente en los fijos que se ubican en Valladolid, Tizim\u00edn, Progreso, Ticul, Kanas\u00edn, y en tres de los cuatro de la ciudad de M\u00e9rida.<\/p>\n\n\n\n<p>A partir de la pr\u00f3xima semana, detall\u00f3, los ciudadanos podr\u00e1n acudir al M\u00f3dulo de Atenci\u00f3n de su preferencia para realizar todo tipo de tr\u00e1mite: solicitudes de nuevas inscripciones al padr\u00f3n -incluyendo a j\u00f3venes que ya han cumplido 18 a\u00f1os-, as\u00ed como tr\u00e1mites de cambio de domicilio para quienes requieran que su Credencial tenga su nueva direcci\u00f3n.<\/p>\n\n\n\n<p>Tambi\u00e9n, reposiciones de credencial por robo, extrav\u00edo o deterioro, as\u00ed como solicitudes para actualizar credenciales caducadas o ya vencidas, y en general, se podr\u00e1 tramitar cualquier modificaci\u00f3n, actualizaci\u00f3n o correcci\u00f3n de datos.<\/p>\n\n\n\n<p>\u201cSe hace especial \u00e9nfasis en invitar para tramitar una nueva credencial a las 27 mil 547 personas Yucat\u00e1n que tuvieron la posibilidad de votar el 2 de junio utilizando su mica con vigencia \u201c2023\u201d, sin embargo, a partir del 3 de junio esas credenciales fueron canceladas y dadas de baja del padr\u00f3n electoral, por lo que ya no sirven para votar y tampoco son reconocidas como documento oficial para identificarse.<\/p>\n\n\n\n<p>Los 6 m\u00f3dulos fijos funcionar\u00e1n de lunes a s\u00e1bado, de 8:00 a 15:00 horas, y los m\u00f3dulos m\u00f3viles lo har\u00e1n de lunes a viernes de 9:00 a 16:00 horas. Los m\u00f3dulos ubicados en Plaza Dorada y la colonia M\u00e9xico, en M\u00e9rida, as\u00ed como el situado en Kanas\u00edn, dar\u00e1n servicio de lunes a viernes de 8:00 a 20:00 horas y los d\u00edas s\u00e1bado de 8:00 a 15:00 horas.<\/p>\n","protected":false},"excerpt":{"rendered":"<p>M\u00c9RIDA, Yucat\u00e1n.- Los 16 M\u00f3dulos de Atenci\u00f3n Ciudadana que tiene el Instituto Nacional Electoral (INE) en Yucat\u00e1n retomar\u00e1n su funcionamiento habitual a partir del pr\u00f3ximo lunes 10 de junio, una<\/p>\n","protected":false},"author":2,"featured_media":120684,"comment_status":"open","ping_status":"open","sticky":false,"template":"","format":"standard","meta":{"jetpack_post_was_ever_published":false,"_jetpack_newsletter_access":"","_jetpack_dont_email_post_to_subs":false,"_jetpack_newsletter_tier_id":0,"_jetpack_memberships_contains_paywalled_content":false,"_jetpack_memberships_contains_paid_content":false,"footnotes":"","jetpack_publicize_message":"","jetpack_publicize_feature_enabled":true,"jetpack_social_post_already_shared":true,"jetpack_social_options":{"image_generator_settings":{"template":"highway","default_image_id":0,"font":"","enabled":false},"version":2}},"categories":[14],"tags":[],"class_list":["post-120682","post","type-post","status-publish","format-standard","has-post-thumbnail","hentry","category-merida"],"jetpack_publicize_connections":[],"jetpack_featured_media_url":"https:\/\/formalprision.com\/wp-content\/uploads\/2024\/06\/YucatanCom.-4-FILEminimizer.jpg","jetpack_sharing_enabled":true,"jetpack_shortlink":"https:\/\/wp.me\/p6id8p-vou","_links":{"self":[{"href":"https:\/\/formalprision.com\/index.php?rest_route=\/wp\/v2\/posts\/120682","targetHints":{"allow":["GET"]}}],"collection":[{"href":"https:\/\/formalprision.com\/index.php?rest_route=\/wp\/v2\/posts"}],"about":[{"href":"https:\/\/formalprision.com\/index.php?rest_route=\/wp\/v2\/types\/post"}],"author":[{"embeddable":true,"href":"https:\/\/formalprision.com\/index.php?rest_route=\/wp\/v2\/users\/2"}],"replies":[{"embeddable":true,"href":"https:\/\/formalprision.com\/index.php?rest_route=%2Fwp%2Fv2%2Fcomments&post=120682"}],"version-history":[{"count":1,"href":"https:\/\/formalprision.com\/index.php?rest_route=\/wp\/v2\/posts\/120682\/revisions"}],"predecessor-version":[{"id":120683,"href":"https:\/\/formalprision.com\/index.php?rest_route=\/wp\/v2\/posts\/120682\/revisions\/120683"}],"wp:featuredmedia":[{"embeddable":true,"href":"https:\/\/formalprision.com\/index.php?rest_route=\/wp\/v2\/media\/120684"}],"wp:attachment":[{"href":"https:\/\/formalprision.com\/index.php?rest_route=%2Fwp%2Fv2%2Fmedia&parent=120682"}],"wp:term":[{"taxonomy":"category","embeddable":true,"href":"https:\/\/formalprision.com\/index.php?rest_route=%2Fwp%2Fv2%2Fcategories&post=120682"},{"taxonomy":"post_tag","embeddable":true,"href":"https:\/\/formalprision.com\/index.php?rest_route=%2Fwp%2Fv2%2Ftags&post=120682"}],"curies":[{"name":"wp","href":"https:\/\/api.w.org\/{rel}","templated":true}]}}