{"id":120685,"date":"2024-06-08T14:15:43","date_gmt":"2024-06-08T19:15:43","guid":{"rendered":"https:\/\/formalprision.com\/?p=120685"},"modified":"2024-06-09T13:36:28","modified_gmt":"2024-06-09T18:36:28","slug":"gracias-merida-cecilia-patron","status":"publish","type":"post","link":"https:\/\/formalprision.com\/?p=120685","title":{"rendered":"\u00a1Gracias M\u00e9rida!: Cecilia Patr\u00f3n\u00a0"},"content":{"rendered":"\n<p>-Con 258 mil 489 votos gana de manera contundente la alcald\u00eda de M\u00e9rida para el periodo 2024-2027<\/p>\n\n\n\n<p>-Esta es una victoria de todos y la agradecer\u00e9 trabajando en un solo equipo y de manera cercana para que a todas las familias meridanas les vaya muy bien.<\/p>\n\n\n\n<p>M\u00c9RIDA, Yucat\u00e1n.- \u00a1Gracias M\u00e9rida! La victoria es de todas y todos y trabajaremos sin descanso para que a todas las familias meridanas les vaya muy bien, afirm\u00f3 Cecilia Patr\u00f3n Laviada ante cientos de meridanos que la acompa\u00f1aron a recibir la constancia que la acredita como presidenta municipal de la capital yucateca.<\/p>\n\n\n\n<p>\u201cLa contienda termin\u00f3. A partir de ahora empezamos una nueva etapa de trabajo por nuestra ciudad, desde la unidad, de la mano con todas y todos\u201d.<\/p>\n\n\n\n<p>Con 258 mil 489 votos, Cecilia obtuvo la cantidad m\u00e1s grande de votos en la historia para un alcalde o alcaldesa de M\u00e9rida.<\/p>\n\n\n\n<figure class=\"wp-block-image size-full\"><a href=\"http:\/\/formalprision.com\/wp-content\/uploads\/2024\/06\/WhatsApp-Image-2024-06-08-at-12.38.15-PM1.jpeg\"><img loading=\"lazy\" decoding=\"async\" width=\"900\" height=\"599\" src=\"http:\/\/formalprision.com\/wp-content\/uploads\/2024\/06\/WhatsApp-Image-2024-06-08-at-12.38.15-PM1.jpeg\" alt=\"\" class=\"wp-image-120688\" srcset=\"https:\/\/formalprision.com\/wp-content\/uploads\/2024\/06\/WhatsApp-Image-2024-06-08-at-12.38.15-PM1.jpeg 900w, https:\/\/formalprision.com\/wp-content\/uploads\/2024\/06\/WhatsApp-Image-2024-06-08-at-12.38.15-PM1-300x200.jpeg 300w, https:\/\/formalprision.com\/wp-content\/uploads\/2024\/06\/WhatsApp-Image-2024-06-08-at-12.38.15-PM1-768x511.jpeg 768w\" sizes=\"auto, (max-width: 900px) 100vw, 900px\" \/><\/a><\/figure>\n\n\n\n<p>Con documento en mano, en los primeros minutos de este s\u00e1bado, se dirigi\u00f3 a los ciudadanos para recordar que pondr\u00e1 todos sus talentos y amor por una sola M\u00e9rida de sur a norte, de oriente a poniente y del centro a nuestras 47 comisar\u00edas.<\/p>\n\n\n\n<p>\u201cEse siempre ha sido mi estilo de hacer las cosas, estando cercana, recorriendo cada calle, cada colonia y cada comisar\u00eda para conocer de primera mano las necesidades de las y los meridanos, y as\u00ed es como vamos<br>a trabajar, siempre cercanos, siempre unidos, siempre en equipo para lograr cada vez m\u00e1s cambios para mejorar\u201d, se\u00f1al\u00f3.<\/p>\n\n\n\n<p>La alcaldesa de M\u00e9rida manifest\u00f3 que su prioridad ser\u00e1n los servicios p\u00fablicos y la generaci\u00f3n de m\u00e1s y mejores empleos en toda la ciudad, para hacer justicia social, seguir creciendo parejo y erradicar la pobreza.<\/p>\n\n\n\n<p>\u201cMi compromiso es con todas y todos los que vivimos y construimos esta gran ciudad: estoy lista y en m\u00ed siempre tendr\u00e1n una alcaldesa cercana, siempre estar\u00e9 donde haya que estar para dar respuestas, resolver problemas y dar certeza a los ciudadanos de que en M\u00e9rida se trabaja todos los d\u00edas por el bien de las familias, por el bien de la gente, por el bien com\u00fan\u201d.<\/p>\n\n\n\n<p>Reiter\u00f3 que M\u00e9rida dijo s\u00ed a m\u00e1s cambios, s\u00ed a m\u00e1s seguridad, s\u00ed a m\u00e1s prosperidad y mejores servicios y que lo vamos a hacer juntos, porque esa ha sido la clave del \u00e9xito en M\u00e9rida.<\/p>\n\n\n\n<p>\u201cTrabajaremos para todos sin distinciones, nuestro Ayuntamiento tender\u00e1 una<br>mano a todo aquel que la necesite, construiremos una ciudad en la que todas y todos tengan un sitio\u201d.&nbsp;<\/p>\n\n\n\n<p>Finaliz\u00f3 recordando que ya est\u00e1 recorriendo las calles para agradecer a las y los<br>ciudadanos por todo el apoyo brindado, pero sobre todo, para dar inicio a esta nueva etapa trabajando de cerca.&nbsp;<\/p>\n\n\n\n<p>\u201cEse ser\u00e1 mi sello y estilo de gobernar: Cercana y sin descanso. \u00a1Muchas gracias! y que \u00a1Viva M\u00e9rida\u201d y \u00a1 Viva las y los meridanos!\u201d<\/p>\n","protected":false},"excerpt":{"rendered":"<p>-Con 258 mil 489 votos gana de manera contundente la alcald\u00eda de M\u00e9rida para el periodo 2024-2027 -Esta es una victoria de todos y la agradecer\u00e9 trabajando en un solo<\/p>\n","protected":false},"author":2,"featured_media":120687,"comment_status":"open","ping_status":"open","sticky":false,"template":"","format":"standard","meta":{"jetpack_post_was_ever_published":false,"_jetpack_newsletter_access":"","_jetpack_dont_email_post_to_subs":false,"_jetpack_newsletter_tier_id":0,"_jetpack_memberships_contains_paywalled_content":false,"_jetpack_memberships_contains_paid_content":false,"footnotes":"","jetpack_publicize_message":"","jetpack_publicize_feature_enabled":true,"jetpack_social_post_already_shared":true,"jetpack_social_options":{"image_generator_settings":{"template":"highway","default_image_id":0,"font":"","enabled":false},"version":2}},"categories":[14],"tags":[],"class_list":["post-120685","post","type-post","status-publish","format-standard","has-post-thumbnail","hentry","category-merida"],"jetpack_publicize_connections":[],"jetpack_featured_media_url":"https:\/\/formalprision.com\/wp-content\/uploads\/2024\/06\/WhatsApp-Image-2024-06-08-at-12.38.14-PM.jpeg","jetpack_sharing_enabled":true,"jetpack_shortlink":"https:\/\/wp.me\/p6id8p-vox","_links":{"self":[{"href":"https:\/\/formalprision.com\/index.php?rest_route=\/wp\/v2\/posts\/120685","targetHints":{"allow":["GET"]}}],"collection":[{"href":"https:\/\/formalprision.com\/index.php?rest_route=\/wp\/v2\/posts"}],"about":[{"href":"https:\/\/formalprision.com\/index.php?rest_route=\/wp\/v2\/types\/post"}],"author":[{"embeddable":true,"href":"https:\/\/formalprision.com\/index.php?rest_route=\/wp\/v2\/users\/2"}],"replies":[{"embeddable":true,"href":"https:\/\/formalprision.com\/index.php?rest_route=%2Fwp%2Fv2%2Fcomments&post=120685"}],"version-history":[{"count":2,"href":"https:\/\/formalprision.com\/index.php?rest_route=\/wp\/v2\/posts\/120685\/revisions"}],"predecessor-version":[{"id":120689,"href":"https:\/\/formalprision.com\/index.php?rest_route=\/wp\/v2\/posts\/120685\/revisions\/120689"}],"wp:featuredmedia":[{"embeddable":true,"href":"https:\/\/formalprision.com\/index.php?rest_route=\/wp\/v2\/media\/120687"}],"wp:attachment":[{"href":"https:\/\/formalprision.com\/index.php?rest_route=%2Fwp%2Fv2%2Fmedia&parent=120685"}],"wp:term":[{"taxonomy":"category","embeddable":true,"href":"https:\/\/formalprision.com\/index.php?rest_route=%2Fwp%2Fv2%2Fcategories&post=120685"},{"taxonomy":"post_tag","embeddable":true,"href":"https:\/\/formalprision.com\/index.php?rest_route=%2Fwp%2Fv2%2Ftags&post=120685"}],"curies":[{"name":"wp","href":"https:\/\/api.w.org\/{rel}","templated":true}]}}