{"id":120690,"date":"2024-06-08T14:18:45","date_gmt":"2024-06-08T19:18:45","guid":{"rendered":"https:\/\/formalprision.com\/?p=120690"},"modified":"2024-06-09T23:45:44","modified_gmt":"2024-06-10T04:45:44","slug":"por-bajar-de-peso-dos-adolescentes-se-intoxican-con-la-semilla-de-brasil-uno-murio","status":"publish","type":"post","link":"https:\/\/formalprision.com\/?p=120690","title":{"rendered":"Por bajar de peso, dos adolescentes se intoxican con la \u2018Semilla de Brasil\u2019; uno muri\u00f3"},"content":{"rendered":"\n<p>CULIAC\u00c1N, Sinaloa.- Dos adolescentes fueron internados en el Hospital Pedi\u00e1trico de Culiac\u00e1n, Sinaloa, tras intoxicarse con la conocida \u2018Semilla de Brasil\u2018, utilizada para bajar de peso.<\/p>\n\n\n\n<p>Oscar N., de 15 a\u00f1os de edad, muri\u00f3 al recibir atenci\u00f3n m\u00e9dica, en tanto que una joven de 16 a\u00f1os se encuentra en estado delicado con afectaciones cardiacas.<\/p>\n\n\n\n<p>La \u2018Semilla de Brasil\u2018 se compone de las especies bot\u00e1nicas Betholletia excelsa y Aleurites moluccanus. Es comercializada como suplemento alimenticio bajo las presentaciones de geles, c\u00e1psulas, jabones, t\u00e9 y tabletas, entre otros productos.<\/p>\n\n\n\n<p>Mija\u00edl Su\u00e1rez Arredondo, director del Hospital Pedi\u00e1trico de Culiac\u00e1n, detall\u00f3 que se analiza lo ingerido por los adolescentes, al presumirse que puede provocar alteraciones en la frecuencia cardiaca, lo que puede detonar falla org\u00e1nica m\u00faltiple y la muerte.<\/p>\n\n\n\n<p>\u00abEn lo reportado por estas semillas s\u00ed pueden causar, s\u00ed corresponde el cuadro cl\u00ednico a la intoxicaci\u00f3n\u201d, expuso.<\/p>\n\n\n\n<p>En 2016, la Comisi\u00f3n Federal para la Protecci\u00f3n contra Riesgos Sanitarios (Cofepris) emiti\u00f3 una Alerta Sanitaria por productos con Semilla de Brasil para bajar de peso.<\/p>\n\n\n\n<p>Advirti\u00f3 que no se ha comprobado la seguridad de su consumo, por lo que exhort\u00f3 a evitarlo al igual que el de la especie bot\u00e1nica Thevetia ssp, mejor conocida como \u2018Codo de fraile\u2019.<\/p>\n","protected":false},"excerpt":{"rendered":"<p>CULIAC\u00c1N, Sinaloa.- Dos adolescentes fueron internados en el Hospital Pedi\u00e1trico de Culiac\u00e1n, Sinaloa, tras intoxicarse con la conocida \u2018Semilla de Brasil\u2018, utilizada para bajar de peso. Oscar N., de 15<\/p>\n","protected":false},"author":2,"featured_media":120692,"comment_status":"open","ping_status":"open","sticky":false,"template":"","format":"standard","meta":{"jetpack_post_was_ever_published":false,"_jetpack_newsletter_access":"","_jetpack_dont_email_post_to_subs":false,"_jetpack_newsletter_tier_id":0,"_jetpack_memberships_contains_paywalled_content":false,"_jetpack_memberships_contains_paid_content":false,"footnotes":"","jetpack_publicize_message":"","jetpack_publicize_feature_enabled":true,"jetpack_social_post_already_shared":true,"jetpack_social_options":{"image_generator_settings":{"template":"highway","default_image_id":0,"font":"","enabled":false},"version":2}},"categories":[23,21],"tags":[],"class_list":["post-120690","post","type-post","status-publish","format-standard","has-post-thumbnail","hentry","category-del-mundo","category-nacionales"],"jetpack_publicize_connections":[],"jetpack_featured_media_url":"https:\/\/formalprision.com\/wp-content\/uploads\/2024\/06\/semilla.jpg","jetpack_sharing_enabled":true,"jetpack_shortlink":"https:\/\/wp.me\/p6id8p-voC","_links":{"self":[{"href":"https:\/\/formalprision.com\/index.php?rest_route=\/wp\/v2\/posts\/120690","targetHints":{"allow":["GET"]}}],"collection":[{"href":"https:\/\/formalprision.com\/index.php?rest_route=\/wp\/v2\/posts"}],"about":[{"href":"https:\/\/formalprision.com\/index.php?rest_route=\/wp\/v2\/types\/post"}],"author":[{"embeddable":true,"href":"https:\/\/formalprision.com\/index.php?rest_route=\/wp\/v2\/users\/2"}],"replies":[{"embeddable":true,"href":"https:\/\/formalprision.com\/index.php?rest_route=%2Fwp%2Fv2%2Fcomments&post=120690"}],"version-history":[{"count":1,"href":"https:\/\/formalprision.com\/index.php?rest_route=\/wp\/v2\/posts\/120690\/revisions"}],"predecessor-version":[{"id":120691,"href":"https:\/\/formalprision.com\/index.php?rest_route=\/wp\/v2\/posts\/120690\/revisions\/120691"}],"wp:featuredmedia":[{"embeddable":true,"href":"https:\/\/formalprision.com\/index.php?rest_route=\/wp\/v2\/media\/120692"}],"wp:attachment":[{"href":"https:\/\/formalprision.com\/index.php?rest_route=%2Fwp%2Fv2%2Fmedia&parent=120690"}],"wp:term":[{"taxonomy":"category","embeddable":true,"href":"https:\/\/formalprision.com\/index.php?rest_route=%2Fwp%2Fv2%2Fcategories&post=120690"},{"taxonomy":"post_tag","embeddable":true,"href":"https:\/\/formalprision.com\/index.php?rest_route=%2Fwp%2Fv2%2Ftags&post=120690"}],"curies":[{"name":"wp","href":"https:\/\/api.w.org\/{rel}","templated":true}]}}