{"id":120718,"date":"2024-06-09T23:51:30","date_gmt":"2024-06-10T04:51:30","guid":{"rendered":"https:\/\/formalprision.com\/?p=120718"},"modified":"2024-06-09T23:51:30","modified_gmt":"2024-06-10T04:51:30","slug":"el-gordo-marin-primer-senador-reelecto-de-yucatan","status":"publish","type":"post","link":"https:\/\/formalprision.com\/?p=120718","title":{"rendered":"El \u00abGordo\u00bb Mar\u00edn, primer senador reelecto de Yucat\u00e1n"},"content":{"rendered":"\n<p>M\u00e9rida, Yucat\u00e1n, domingo 9 de junio de 2024.- Al recibir su constancia de mayor\u00eda, Jorge Carlos Ram\u00edrez Mar\u00edn se convierte en primer Senador reelecto del Estado quien anunci\u00f3 que en los pr\u00f3ximos d\u00edas iniciar\u00e1 su estrategia de reforestaci\u00f3n, con una meta de 80 mil \u00e1rboles.<\/p>\n\n\n\n<p>\u201cMientras m\u00e1s es la confianza, mayor es el compromiso\u201d, asever\u00f3 la establecer que la Coalici\u00f3n \u201cSigamos haciendo historia en Yucat\u00e1n\u201d, conformada por Morena, PVEM y PT obtuvo cerca de 656 mil votos, superando en m\u00e1s de 150 mil sufragios a su opositor.<\/p>\n\n\n\n<p>La sociedad nunca nos da un cheque en blanco, nos da la oportunidad de representarlos y nos va exigir, por lo que tenemos que estar siempre pendientes de cumplir, acot\u00f3 el Senador electo,<\/p>\n\n\n\n<p>Luego de recibir el respectivo documento, de manos de los integrantes del Consejo Local del Instituto Nacional Electoral (INE), Ram\u00edrez Mar\u00edn se dirigi\u00f3 a los militantes que lo acompa\u00f1aron, y agradeci\u00f3 a todos los yucatecos por participar en los comicios.<\/p>\n\n\n\n<p>Destac\u00f3 el esfuerzo de Mafer Vivas, Geovana Campos y Romel Pacheco Marrufo, por aceptar las tareas m\u00e1s dif\u00edciles y complicadas, \u201cya que su trabajo permiti\u00f3 el triunfo de todos\u201d.<\/p>\n\n\n\n<p>\u201cCon un movimiento vigoroso se gan\u00f3 la tarea m\u00e1s grande, recuperar el gobierno del Estado, labor que estar\u00e1 a cargo de Joaqu\u00edn D\u00edaz Mena\u201d, subray\u00f3.<\/p>\n\n\n\n<p>Asever\u00f3 que a partir de ma\u00f1ana tenemos que sembrar casi 80 mil \u00e1rboles, que son los votos que la ciudadan\u00eda le dio al Partido Verde Ecologista recibi\u00f3 el pasado domingo 2. Adem\u00e1s que hay un compromiso con el medio ambiente de Yucat\u00e1n.<\/p>\n\n\n\n<p>Posteriormente, el Senador electo acudi\u00f3 al Instituto Electoral y de Participaci\u00f3n Ciudadana (Iepac), donde Huacho D\u00edaz recibi\u00f3 su constancia de Mayor\u00eda. (Comunicado de Prensa) <\/p>\n","protected":false},"excerpt":{"rendered":"<p>M\u00e9rida, Yucat\u00e1n, domingo 9 de junio de 2024.- Al recibir su constancia de mayor\u00eda, Jorge Carlos Ram\u00edrez Mar\u00edn se convierte en primer Senador reelecto del Estado quien anunci\u00f3 que en<\/p>\n","protected":false},"author":1,"featured_media":120719,"comment_status":"open","ping_status":"open","sticky":false,"template":"","format":"standard","meta":{"jetpack_post_was_ever_published":false,"_jetpack_newsletter_access":"","_jetpack_dont_email_post_to_subs":false,"_jetpack_newsletter_tier_id":0,"_jetpack_memberships_contains_paywalled_content":false,"_jetpack_memberships_contains_paid_content":false,"footnotes":"","jetpack_publicize_message":"","jetpack_publicize_feature_enabled":true,"jetpack_social_post_already_shared":true,"jetpack_social_options":{"image_generator_settings":{"template":"highway","default_image_id":0,"font":"","enabled":false},"version":2}},"categories":[14],"tags":[],"class_list":["post-120718","post","type-post","status-publish","format-standard","has-post-thumbnail","hentry","category-merida"],"jetpack_publicize_connections":[],"jetpack_featured_media_url":"https:\/\/formalprision.com\/wp-content\/uploads\/2024\/06\/jcrm283-const.jpg","jetpack_sharing_enabled":true,"jetpack_shortlink":"https:\/\/wp.me\/p6id8p-vp4","_links":{"self":[{"href":"https:\/\/formalprision.com\/index.php?rest_route=\/wp\/v2\/posts\/120718","targetHints":{"allow":["GET"]}}],"collection":[{"href":"https:\/\/formalprision.com\/index.php?rest_route=\/wp\/v2\/posts"}],"about":[{"href":"https:\/\/formalprision.com\/index.php?rest_route=\/wp\/v2\/types\/post"}],"author":[{"embeddable":true,"href":"https:\/\/formalprision.com\/index.php?rest_route=\/wp\/v2\/users\/1"}],"replies":[{"embeddable":true,"href":"https:\/\/formalprision.com\/index.php?rest_route=%2Fwp%2Fv2%2Fcomments&post=120718"}],"version-history":[{"count":1,"href":"https:\/\/formalprision.com\/index.php?rest_route=\/wp\/v2\/posts\/120718\/revisions"}],"predecessor-version":[{"id":120720,"href":"https:\/\/formalprision.com\/index.php?rest_route=\/wp\/v2\/posts\/120718\/revisions\/120720"}],"wp:featuredmedia":[{"embeddable":true,"href":"https:\/\/formalprision.com\/index.php?rest_route=\/wp\/v2\/media\/120719"}],"wp:attachment":[{"href":"https:\/\/formalprision.com\/index.php?rest_route=%2Fwp%2Fv2%2Fmedia&parent=120718"}],"wp:term":[{"taxonomy":"category","embeddable":true,"href":"https:\/\/formalprision.com\/index.php?rest_route=%2Fwp%2Fv2%2Fcategories&post=120718"},{"taxonomy":"post_tag","embeddable":true,"href":"https:\/\/formalprision.com\/index.php?rest_route=%2Fwp%2Fv2%2Ftags&post=120718"}],"curies":[{"name":"wp","href":"https:\/\/api.w.org\/{rel}","templated":true}]}}