{"id":120740,"date":"2024-06-10T07:07:19","date_gmt":"2024-06-10T12:07:19","guid":{"rendered":"https:\/\/formalprision.com\/?p=120740"},"modified":"2024-06-12T00:23:05","modified_gmt":"2024-06-12T05:23:05","slug":"exsoldado-estadounidense-de-100-anos-se-casa-en-normandia-tras-conmemoracion-del-dia-d","status":"publish","type":"post","link":"https:\/\/formalprision.com\/?p=120740","title":{"rendered":"Exsoldado estadounidense de 100 a\u00f1os se casa en Normand\u00eda, tras conmemoraci\u00f3n del \u201cD\u00eda D\u201d"},"content":{"rendered":"\n<p>Harold Terens, un veterano de 100 a\u00f1os de edad que estuvo en la campa\u00f1a de Normand\u00eda de la Segunda Guerra Mundial, contrajo matrimonio este s\u00e1bado con Jeanne Swerlin, de 96, en la ciudad de Carentan, cerca de las playas donde tuvo lugar el desembarco del \u201cD\u00eda D\u201d hace ochenta a\u00f1os.<\/p>\n\n\n\n<p>Ambos, residentes en Florida, viajaron al noroeste de Francia, dentro del desplazamiento de unos doscientos veteranos estadounidenses por la conmemoraci\u00f3n del 80 aniversario del desembarco de Normand\u00eda que ha tenido lugar en los \u00faltimos d\u00edas.<\/p>\n\n\n\n<p>El enlace, oficiado en ingl\u00e9s por por el alcalde de Carentan, Jean Pierre Lhonneur, fue m\u00e1s bien simb\u00f3lico ya que tendr\u00e1 que ser legalizada en Estados Unidos.<\/p>\n\n\n\n<p>Ello no impidi\u00f3 que una cuarentena de invitados, la mayor\u00eda familiares llegados de Estados Unidos, acudieran para la ceremonia, mientras que muchos curiosos se agolparon a la puerta del ayuntamiento.<\/p>\n\n\n\n<p>Al final de la ceremonia, los invitados prorrumpieron en aplausos y exclamaciones de felicitaci\u00f3n.<\/p>\n\n\n\n<p>\u00abNunca he vivido una experiencia comparable con esta felicidad\u201d, reconoci\u00f3 Terens tras la ceremonia, mientras que ella asegur\u00f3 que se hab\u00eda casado con el hombre sus sue\u00f1os.<\/p>\n\n\n\n<p>Estos pasados d\u00edas de celebraci\u00f3n, Terens record\u00f3 que en el desembarco de Normand\u00eda \u00e9l era operador de radio en una escuadrilla de caza y que el primer d\u00eda perdieron a 30 de los 60 pilotos.<\/p>\n\n\n\n<p>Despu\u00e9s pas\u00f3 a suelo franc\u00e9s en distintos tipos de tareas, uno de los cuales fue ir como voluntario a recoger y acompa\u00f1ar a soldados estadounidenses que hab\u00edan ca\u00eddo prisioneros de los alemanes, una experiencia que le dej\u00f3 \u201crecuerdos horribles\u201d.<\/p>\n\n\n\n<p>La ciudad elegida para el enlace, Carentan, fue un objetivo estadounidense en los d\u00edas que siguieron al desembarco porque all\u00ed deb\u00edan unirse las tropas desembarcadas en las dos playas asignadas a ese pa\u00eds y as\u00ed poder crear un frente unido.<\/p>\n\n\n\n<p>Con informaci\u00f3n de EFE<\/p>\n","protected":false},"excerpt":{"rendered":"<p>Harold Terens, un veterano de 100 a\u00f1os de edad que estuvo en la campa\u00f1a de Normand\u00eda de la Segunda Guerra Mundial, contrajo matrimonio este s\u00e1bado con Jeanne Swerlin, de 96,<\/p>\n","protected":false},"author":2,"featured_media":120742,"comment_status":"open","ping_status":"open","sticky":false,"template":"","format":"standard","meta":{"jetpack_post_was_ever_published":false,"_jetpack_newsletter_access":"","_jetpack_dont_email_post_to_subs":false,"_jetpack_newsletter_tier_id":0,"_jetpack_memberships_contains_paywalled_content":false,"_jetpack_memberships_contains_paid_content":false,"footnotes":"","jetpack_publicize_message":"","jetpack_publicize_feature_enabled":true,"jetpack_social_post_already_shared":true,"jetpack_social_options":{"image_generator_settings":{"template":"highway","default_image_id":0,"font":"","enabled":false},"version":2}},"categories":[23],"tags":[],"class_list":["post-120740","post","type-post","status-publish","format-standard","has-post-thumbnail","hentry","category-del-mundo"],"jetpack_publicize_connections":[],"jetpack_featured_media_url":"https:\/\/formalprision.com\/wp-content\/uploads\/2024\/06\/harold.jpg","jetpack_sharing_enabled":true,"jetpack_shortlink":"https:\/\/wp.me\/p6id8p-vpq","_links":{"self":[{"href":"https:\/\/formalprision.com\/index.php?rest_route=\/wp\/v2\/posts\/120740","targetHints":{"allow":["GET"]}}],"collection":[{"href":"https:\/\/formalprision.com\/index.php?rest_route=\/wp\/v2\/posts"}],"about":[{"href":"https:\/\/formalprision.com\/index.php?rest_route=\/wp\/v2\/types\/post"}],"author":[{"embeddable":true,"href":"https:\/\/formalprision.com\/index.php?rest_route=\/wp\/v2\/users\/2"}],"replies":[{"embeddable":true,"href":"https:\/\/formalprision.com\/index.php?rest_route=%2Fwp%2Fv2%2Fcomments&post=120740"}],"version-history":[{"count":1,"href":"https:\/\/formalprision.com\/index.php?rest_route=\/wp\/v2\/posts\/120740\/revisions"}],"predecessor-version":[{"id":120741,"href":"https:\/\/formalprision.com\/index.php?rest_route=\/wp\/v2\/posts\/120740\/revisions\/120741"}],"wp:featuredmedia":[{"embeddable":true,"href":"https:\/\/formalprision.com\/index.php?rest_route=\/wp\/v2\/media\/120742"}],"wp:attachment":[{"href":"https:\/\/formalprision.com\/index.php?rest_route=%2Fwp%2Fv2%2Fmedia&parent=120740"}],"wp:term":[{"taxonomy":"category","embeddable":true,"href":"https:\/\/formalprision.com\/index.php?rest_route=%2Fwp%2Fv2%2Fcategories&post=120740"},{"taxonomy":"post_tag","embeddable":true,"href":"https:\/\/formalprision.com\/index.php?rest_route=%2Fwp%2Fv2%2Ftags&post=120740"}],"curies":[{"name":"wp","href":"https:\/\/api.w.org\/{rel}","templated":true}]}}