{"id":120773,"date":"2024-06-11T11:07:56","date_gmt":"2024-06-11T16:07:56","guid":{"rendered":"https:\/\/formalprision.com\/?p=120773"},"modified":"2024-06-12T10:55:13","modified_gmt":"2024-06-12T15:55:13","slug":"conoce-los-calendarios-escolares-2024-2025-para-educacion-basica-y-normal","status":"publish","type":"post","link":"https:\/\/formalprision.com\/?p=120773","title":{"rendered":"Conoce los calendarios escolares 2024-2025 para Educaci\u00f3n B\u00e1sica y Normal"},"content":{"rendered":"\n<p>CIUDAD DE M\u00c9XICO.- La Secretar\u00eda de Educaci\u00f3n P\u00fablica (SEP) public\u00f3 en el Diario Oficial de la Federaci\u00f3n (DOF) el Calendario Escolar 2024-2025 de 190 d\u00edas para preescolar, primaria y secundaria, vigente para escuelas p\u00fablicas y particulares incorporadas al Sistema Educativo Nacional, as\u00ed como el calendario de 195 d\u00edas para Educaci\u00f3n Normal y para la formaci\u00f3n de docentes de Educaci\u00f3n B\u00e1sica.<\/p>\n\n\n\n<p>El calendario de 190 d\u00edas efectivos de clase, aplicable para las escuelas de Educaci\u00f3n B\u00e1sica de los 32 estados del pa\u00eds, marca que el inicio del ciclo lectivo ser\u00e1 el lunes 26 de agosto de 2024 y concluye el mi\u00e9rcoles 16 de julio de 2025.<\/p>\n\n\n\n<p>Previamente, del 19 al 23 de agosto de 2024, se realizar\u00e1 la Fase Intensiva del Consejo T\u00e9cnico Escolar (CTE); el jueves 22 y viernes 23 de agosto se desarrollar\u00e1 la Sesi\u00f3n de Comit\u00e9 Participativo de Salud Escolar y Jornadas de Limpieza en la Escuela.<\/p>\n\n\n\n<p>Considera, adem\u00e1s, ocho sesiones ordinarias del CTE y siete d\u00edas de suspensi\u00f3n de labores docentes: 16 de septiembre y 18 de noviembre de 2024; 3 de febrero, 17 de marzo, 1, 5 y 15 de mayo de 2025.<\/p>\n\n\n\n<p>El periodo vacacional de invierno ser\u00e1 del 19 de diciembre de 2024 y concluye el 8 de enero de 2025; para Semana Santa, del 14 al 25 de abril.<\/p>\n\n\n\n<p>Los d\u00edas 22 de noviembre de 2024, as\u00ed como el 21 de marzo y 11 de julio de 2025 se realizar\u00e1 el registro de calificaciones, por lo que la entrega de boletas de evaluaci\u00f3n ser\u00e1 del 25 al 28 de noviembre de 2024 para el primer periodo; 25, 26, 27 y 31 de marzo para el segundo periodo, y del 14 al 16 de julio para el tercero.<\/p>\n\n\n\n<p>El periodo de preinscripci\u00f3n a preescolar, primer grado de primaria y primer grado de secundaria para el Ciclo Escolar 2025-2026, se realizar\u00e1 del 4 al 7 y del 10 al 14 de febrero de 2025.<\/p>\n\n\n\n<p>El lunes 6 de enero se imparte el Taller Intensivo para Personal con Funciones de Direcci\u00f3n; los d\u00edas 7 y 8 de enero, el Primer Taller Intensivo para Personal Docente.<\/p>\n\n\n\n<p>El jueves 17 y viernes 18 de julio de 2024 se realizar\u00e1 el Segundo Taller Intensivo para Personal Docente, y a partir del lunes 21 de julio de 2025 inicia el receso de clases por el fin de cursos.<\/p>\n\n\n\n<p>Calendario de 195 d\u00edas para Educaci\u00f3n Normal y para la formaci\u00f3n de docentes de Educaci\u00f3n B\u00e1sica<\/p>\n\n\n\n<p>El calendario de 195 d\u00edas para Educaci\u00f3n Normal y para la formaci\u00f3n de maestras y maestros de Educaci\u00f3n B\u00e1sica establece siete d\u00edas de suspensi\u00f3n de labores docentes: 16 de septiembre y 18 de noviembre de 2024; 3 de febrero, 17 de marzo, 1, 5 y 15 de mayo de 2025.<\/p>\n\n\n\n<p>Contempla dos Periodos de Planeaci\u00f3n y Habilitaci\u00f3n Docente, previo al inicio del ciclo escolar: del 12 al 16 y del 19 al 23 de agosto de 2024, y el segundo, del 27 al 31 de enero y del 4 al 6 de febrero de 2025.<\/p>\n\n\n\n<p>El primer periodo vacacional inicia el 19 de diciembre de 2024 y concluye el 3 de enero de 2025; el segundo periodo inicia el 14 y concluye el viernes 25 de abril.<\/p>\n\n\n\n<p>La Participaci\u00f3n de Estudiantes en Pr\u00e1ctica en el CTE se realizar\u00e1 el 27 de septiembre, 25 de octubre y 29 de noviembre de 2024; 28 de febrero, 28 de marzo, 30 de mayo y 27 de junio de 2025.<\/p>\n\n\n\n<p>El fin de cursos est\u00e1 programado para el 16 de julio de 2025, por lo que el periodo de ex\u00e1menes profesionales se realizar\u00e1 los d\u00edas 17, 18, 21, 22 y 23 de ese mismo mes<\/p>\n\n\n\n<p>Las entidades que as\u00ed lo requieran podr\u00e1n solicitar a la SEP cualquier ajuste en el calendario, siempre que se cumplan los 190 d\u00edas de clase para Educaci\u00f3n B\u00e1sica.<\/p>\n","protected":false},"excerpt":{"rendered":"<p>CIUDAD DE M\u00c9XICO.- La Secretar\u00eda de Educaci\u00f3n P\u00fablica (SEP) public\u00f3 en el Diario Oficial de la Federaci\u00f3n (DOF) el Calendario Escolar 2024-2025 de 190 d\u00edas para preescolar, primaria y secundaria,<\/p>\n","protected":false},"author":2,"featured_media":120775,"comment_status":"open","ping_status":"open","sticky":false,"template":"","format":"standard","meta":{"jetpack_post_was_ever_published":false,"_jetpack_newsletter_access":"","_jetpack_dont_email_post_to_subs":false,"_jetpack_newsletter_tier_id":0,"_jetpack_memberships_contains_paywalled_content":false,"_jetpack_memberships_contains_paid_content":false,"footnotes":"","jetpack_publicize_message":"","jetpack_publicize_feature_enabled":true,"jetpack_social_post_already_shared":true,"jetpack_social_options":{"image_generator_settings":{"template":"highway","default_image_id":0,"font":"","enabled":false},"version":2}},"categories":[54],"tags":[],"class_list":["post-120773","post","type-post","status-publish","format-standard","has-post-thumbnail","hentry","category-yucatan"],"jetpack_publicize_connections":[],"jetpack_featured_media_url":"https:\/\/formalprision.com\/wp-content\/uploads\/2024\/06\/Calendario_Escolar_BASICA-01.jpeg","jetpack_sharing_enabled":true,"jetpack_shortlink":"https:\/\/wp.me\/p6id8p-vpX","_links":{"self":[{"href":"https:\/\/formalprision.com\/index.php?rest_route=\/wp\/v2\/posts\/120773","targetHints":{"allow":["GET"]}}],"collection":[{"href":"https:\/\/formalprision.com\/index.php?rest_route=\/wp\/v2\/posts"}],"about":[{"href":"https:\/\/formalprision.com\/index.php?rest_route=\/wp\/v2\/types\/post"}],"author":[{"embeddable":true,"href":"https:\/\/formalprision.com\/index.php?rest_route=\/wp\/v2\/users\/2"}],"replies":[{"embeddable":true,"href":"https:\/\/formalprision.com\/index.php?rest_route=%2Fwp%2Fv2%2Fcomments&post=120773"}],"version-history":[{"count":1,"href":"https:\/\/formalprision.com\/index.php?rest_route=\/wp\/v2\/posts\/120773\/revisions"}],"predecessor-version":[{"id":120774,"href":"https:\/\/formalprision.com\/index.php?rest_route=\/wp\/v2\/posts\/120773\/revisions\/120774"}],"wp:featuredmedia":[{"embeddable":true,"href":"https:\/\/formalprision.com\/index.php?rest_route=\/wp\/v2\/media\/120775"}],"wp:attachment":[{"href":"https:\/\/formalprision.com\/index.php?rest_route=%2Fwp%2Fv2%2Fmedia&parent=120773"}],"wp:term":[{"taxonomy":"category","embeddable":true,"href":"https:\/\/formalprision.com\/index.php?rest_route=%2Fwp%2Fv2%2Fcategories&post=120773"},{"taxonomy":"post_tag","embeddable":true,"href":"https:\/\/formalprision.com\/index.php?rest_route=%2Fwp%2Fv2%2Ftags&post=120773"}],"curies":[{"name":"wp","href":"https:\/\/api.w.org\/{rel}","templated":true}]}}