{"id":120840,"date":"2024-06-14T08:06:56","date_gmt":"2024-06-14T13:06:56","guid":{"rendered":"https:\/\/formalprision.com\/?p=120840"},"modified":"2024-06-18T00:09:53","modified_gmt":"2024-06-18T05:09:53","slug":"usuarios-de-internet-en-mexico-aumentaron-a-97-millones-en-2023","status":"publish","type":"post","link":"https:\/\/formalprision.com\/?p=120840","title":{"rendered":"Usuarios de internet en M\u00e9xico aumentaron a 97 millones en 2023"},"content":{"rendered":"\n<p>CIUDAD DE M\u00c9XICO.- Los usuarios de internet en M\u00e9xico aumentaron hasta los 97 millones en 2023, lo que equivale al 81.2 por ciento de la poblaci\u00f3n, revel\u00f3 el Instituto Nacional de Estad\u00edstica y Geograf\u00eda (Inegi).<\/p>\n\n\n\n<p>\u201cPara la sociedad actual, contar con tecnolog\u00edas de informaci\u00f3n y comunicaci\u00f3n puede ser tan importante para su desarrollo como contar con recursos naturales\u201d, se\u00f1al\u00f3 en una conferencia de prensa Graciela M\u00e1rquez, presidenta del Inegi.<\/p>\n\n\n\n<p>La Encuesta Nacional sobre Disponibilidad y Uso de Tecnolog\u00edas de la Informaci\u00f3n en los Hogares (Endutih) expuso un aumento de 2.6 puntos porcentuales ante 2022, cuando el 78.6 por ciento de los mayores de seis a\u00f1os en M\u00e9xico usaba internet, es decir, 93.1 millones de personas.<\/p>\n\n\n\n<p>\u201cEsto quiere decir que hay 3.9 millones de usuarios de internet adicionales a los que ten\u00edamos en el 2022\u201d, indic\u00f3 Javier Ju\u00e1rez, comisionado presidente del Instituto Federal de Telecomunicaciones (IFT).<\/p>\n\n\n\n<p>En los \u00faltimos ocho a\u00f1os, seg\u00fan la encuesta, 35.6 millones de mexicanos se han sumado al uso de internet, pues en 2015 el n\u00famero de usuarios era de 61.4 millones, el 57.4 por ciento de la poblaci\u00f3n.<\/p>\n\n\n\n<p>Aunque persiste la disparidad entre usuarios en el \u00e1mbito urbano y rural (85.5 por ciento y 66 por ciento, respectivamente).<\/p>\n\n\n\n<p>El sondeo revel\u00f3 que, en el \u00faltimo a\u00f1o, se elev\u00f3 la cantidad de mujeres que emplean internet con respecto a los hombres, aunque la diferencia es m\u00ednima: 81.4 por ciento frente al 81 por ciento.<\/p>\n\n\n\n<p>\u201cEn 2020 la diferencia entre hombres y mujeres era de 1.5 puntos porcentuales, usaban el internet m\u00e1s los hombres que las mujeres\u201d, expuso Susana P\u00e9rez, directora general de Estad\u00edsticas Econ\u00f3micas del Inegi.<\/p>\n\n\n\n<p>El grupo de edad con mayor porcentaje de usuarios fue el comprendido entre los 18 y los 24 a\u00f1os (96.7 por ciento), seguido del integrado por personas de entre 25 y 34 a\u00f1os (94.1 por ciento) y de entre 12 y 17 a\u00f1os (92.4 por ciento).<\/p>\n\n\n\n<p>Entre los m\u00e1s j\u00f3venes, de seis a 11 a\u00f1os, hubo una disminuci\u00f3n, pues durante la pandemia, 2020 (68 por ciento) y 2021 (74.9 por ciento), incrementaron el uso, pero en 2023 el porcentaje baj\u00f3 a 71.4 por ciento.<\/p>\n\n\n\n<p>En tanto, los mayores, de 55 a\u00f1os en adelante, incrementaron su uso al 69.2 por ciento, un aumento de casi siete puntos porcentuales ante 2022.<\/p>\n\n\n\n<p>Los j\u00f3venes de entre 18 y 24 a\u00f1os tambi\u00e9n son quienes usan internet durante m\u00e1s tiempo, con 5.9 horas diarias, seguidos por el rango entre 25 y 34 a\u00f1os (5.6 horas cada d\u00eda), y los de entre 12 y 17 a\u00f1os (4.7 horas diarias).<\/p>\n\n\n\n<p>La herramienta m\u00e1s empleada fueron los tel\u00e9fonos inteligentes (97 por ciento), por encima de computadoras port\u00e1tiles o tabletas (31 por ciento) o los televisores inteligentes (30.4 por ciento).<\/p>\n\n\n\n<p>La mayor\u00eda usaron sus dispositivos con internet para comunicarse (93.3 por ciento), redes sociales (91.5 por ciento), entretenimiento (88.1 por ciento), buscar informaci\u00f3n (87.7 por ciento), capacitaci\u00f3n o educaci\u00f3n (82.1 por ciento) o acceder a contenidos audiovisuales (77.8 por ciento).<\/p>\n\n\n\n<p>Los estados con mayor porcentaje de poblaci\u00f3n usuaria fueron Quintana Roo (91.6 por ciento), Baja California (90.9 por ciento), Jalisco (89.7 por ciento) y Baja California Sur (89.5 por ciento), mientras que los menores porcentajes fueron Chiapas (59.9 por ciento), Oaxaca (70.6 por ciento) y Veracruz (71.8 por ciento).<\/p>\n\n\n\n<p>El presidente Andr\u00e9s Manuel L\u00f3pez Obrador ha insistido durante su sexenio en la promoci\u00f3n del acceso a internet de forma universal y gratuita con proyectos como \u2018Internet para Todos\u2018, compromiso que no acaba de cristalizar a unos meses de acabar su mandato.<\/p>\n","protected":false},"excerpt":{"rendered":"<p>CIUDAD DE M\u00c9XICO.- Los usuarios de internet en M\u00e9xico aumentaron hasta los 97 millones en 2023, lo que equivale al 81.2 por ciento de la poblaci\u00f3n, revel\u00f3 el Instituto Nacional<\/p>\n","protected":false},"author":2,"featured_media":120842,"comment_status":"open","ping_status":"open","sticky":false,"template":"","format":"standard","meta":{"jetpack_post_was_ever_published":false,"_jetpack_newsletter_access":"","_jetpack_dont_email_post_to_subs":false,"_jetpack_newsletter_tier_id":0,"_jetpack_memberships_contains_paywalled_content":false,"_jetpack_memberships_contains_paid_content":false,"footnotes":"","jetpack_publicize_message":"","jetpack_publicize_feature_enabled":true,"jetpack_social_post_already_shared":true,"jetpack_social_options":{"image_generator_settings":{"template":"highway","default_image_id":0,"font":"","enabled":false},"version":2}},"categories":[23,21],"tags":[],"class_list":["post-120840","post","type-post","status-publish","format-standard","has-post-thumbnail","hentry","category-del-mundo","category-nacionales"],"jetpack_publicize_connections":[],"jetpack_featured_media_url":"https:\/\/formalprision.com\/wp-content\/uploads\/2024\/06\/internet-768x461-1.jpg","jetpack_sharing_enabled":true,"jetpack_shortlink":"https:\/\/wp.me\/p6id8p-vr2","_links":{"self":[{"href":"https:\/\/formalprision.com\/index.php?rest_route=\/wp\/v2\/posts\/120840","targetHints":{"allow":["GET"]}}],"collection":[{"href":"https:\/\/formalprision.com\/index.php?rest_route=\/wp\/v2\/posts"}],"about":[{"href":"https:\/\/formalprision.com\/index.php?rest_route=\/wp\/v2\/types\/post"}],"author":[{"embeddable":true,"href":"https:\/\/formalprision.com\/index.php?rest_route=\/wp\/v2\/users\/2"}],"replies":[{"embeddable":true,"href":"https:\/\/formalprision.com\/index.php?rest_route=%2Fwp%2Fv2%2Fcomments&post=120840"}],"version-history":[{"count":1,"href":"https:\/\/formalprision.com\/index.php?rest_route=\/wp\/v2\/posts\/120840\/revisions"}],"predecessor-version":[{"id":120841,"href":"https:\/\/formalprision.com\/index.php?rest_route=\/wp\/v2\/posts\/120840\/revisions\/120841"}],"wp:featuredmedia":[{"embeddable":true,"href":"https:\/\/formalprision.com\/index.php?rest_route=\/wp\/v2\/media\/120842"}],"wp:attachment":[{"href":"https:\/\/formalprision.com\/index.php?rest_route=%2Fwp%2Fv2%2Fmedia&parent=120840"}],"wp:term":[{"taxonomy":"category","embeddable":true,"href":"https:\/\/formalprision.com\/index.php?rest_route=%2Fwp%2Fv2%2Fcategories&post=120840"},{"taxonomy":"post_tag","embeddable":true,"href":"https:\/\/formalprision.com\/index.php?rest_route=%2Fwp%2Fv2%2Ftags&post=120840"}],"curies":[{"name":"wp","href":"https:\/\/api.w.org\/{rel}","templated":true}]}}