{"id":120843,"date":"2024-06-14T16:55:34","date_gmt":"2024-06-14T21:55:34","guid":{"rendered":"https:\/\/formalprision.com\/?p=120843"},"modified":"2024-06-15T15:06:02","modified_gmt":"2024-06-15T20:06:02","slug":"muere-en-un-hospital-de-cancun-el-empresario-pederasta-jean-succar-kuri","status":"publish","type":"post","link":"https:\/\/formalprision.com\/?p=120843","title":{"rendered":"Muere en un hospital de Canc\u00fan el empresario pederasta Jean Succar Kuri"},"content":{"rendered":"\n<p>CANC\u00daN, Quintana Roo.- Jean Succar Kuri, el abusador de ni\u00f1os y ni\u00f1as, muri\u00f3 hoy viernes en Canc\u00fan, Quintana Roo, inform\u00f3 el periodista Joaqu\u00edn L\u00f3pez-D\u00f3riga. Es el \u00fanico detenido y responsable que ha purgado una pena en torno a los casos del libro \u00abLos Demonios del Ed\u00e9n\u00bb, de Lydia Cacho.<\/p>\n\n\n\n<p>\u00ab\u00c9l estuvo al frente, manej\u00f3 y uso la red de explotadores de ni\u00f1as y ni\u00f1os. Un criminal por d\u00f3nde se le vea\u00bb, record\u00f3 L\u00f3pez-D\u00f3riga en su noticiero.<\/p>\n\n\n\n<p>De acuerdo con Arturo Medina, reportero de Grupo F\u00f3rmula, el pederasta Succar Kuri muri\u00f3 en un hospital en el centro de Canc\u00fan.<\/p>\n\n\n\n<p>Detall\u00f3 que muri\u00f3 por un problema card\u00edaco, despu\u00e9s de haber ingresado al hospital el pasado 6 de junio por un problema de desnutrici\u00f3n, derivado del c\u00e1ncer.<\/p>\n\n\n\n<p>\u00abTras ser hospitalizado el pasado 6 de junio por un cuadro de desnutrici\u00f3n, el empresario libanes muri\u00f3 a las 13:12 hrs de Canc\u00fan\u00bb, detall\u00f3 el corresponsal.<\/p>\n\n\n\n<p>Su hospitalizaci\u00f3n fue en v\u00edsperas de una audiencia para solicitar prisi\u00f3n domiciliaria por motivos de salud, por lo que se generaron diversas denuncias de v\u00edctimas en contra de este amparo.<\/p>\n\n\n\n<p>\u00bfQui\u00e9n fue Succar Kuri?<\/p>\n\n\n\n<p>Jean Touma Hanna Succar Kuri cumpl\u00eda su condena de 112 a\u00f1os en una c\u00e1rcel de Canc\u00fan por pederastia, despu\u00e9s de que fuera denunciado por la periodista Lydia Cacho.<\/p>\n\n\n\n<p>Fue en 2005 cuando la periodista Lydia Cacho denunci\u00f3 en su libro \u00abLos demonios del Ed\u00e9n\u00bb una red de pederastia en Quintana Roo, en la que presuntamente participaban los empresarios Kamel Nacif y Jean Succar Kuri; as\u00ed como los ex gobernadores Mario Mar\u00edn y Miguel \u00c1ngel Yunes Linares, entre otros empresarios y pol\u00edticos.<\/p>\n\n\n\n<p>Sin embargo, tras 18 a\u00f1os de litigio, Succar Kuri, fue sentenciado y en 2021 fue ingresado a un un penal federal en Chiapas, pero en septiembre de 2023 regres\u00f3 a la prisi\u00f3n de Canc\u00fan.<\/p>\n\n\n\n<p>Succar Kuri naci\u00f3 el 19 de septiembre de 1944 en Bisharri, L\u00edbano, y se nacionaliz\u00f3 mexicano. Ten\u00eda 79 a\u00f1osal morir.<\/p>\n","protected":false},"excerpt":{"rendered":"<p>CANC\u00daN, Quintana Roo.- Jean Succar Kuri, el abusador de ni\u00f1os y ni\u00f1as, muri\u00f3 hoy viernes en Canc\u00fan, Quintana Roo, inform\u00f3 el periodista Joaqu\u00edn L\u00f3pez-D\u00f3riga. Es el \u00fanico detenido y responsable<\/p>\n","protected":false},"author":2,"featured_media":120845,"comment_status":"open","ping_status":"open","sticky":false,"template":"","format":"standard","meta":{"jetpack_post_was_ever_published":false,"_jetpack_newsletter_access":"","_jetpack_dont_email_post_to_subs":false,"_jetpack_newsletter_tier_id":0,"_jetpack_memberships_contains_paywalled_content":false,"_jetpack_memberships_contains_paid_content":false,"footnotes":"","jetpack_publicize_message":"","jetpack_publicize_feature_enabled":true,"jetpack_social_post_already_shared":true,"jetpack_social_options":{"image_generator_settings":{"template":"highway","default_image_id":0,"font":"","enabled":false},"version":2}},"categories":[23,21],"tags":[],"class_list":["post-120843","post","type-post","status-publish","format-standard","has-post-thumbnail","hentry","category-del-mundo","category-nacionales"],"jetpack_publicize_connections":[],"jetpack_featured_media_url":"https:\/\/formalprision.com\/wp-content\/uploads\/2024\/06\/succar.jpg","jetpack_sharing_enabled":true,"jetpack_shortlink":"https:\/\/wp.me\/p6id8p-vr5","_links":{"self":[{"href":"https:\/\/formalprision.com\/index.php?rest_route=\/wp\/v2\/posts\/120843","targetHints":{"allow":["GET"]}}],"collection":[{"href":"https:\/\/formalprision.com\/index.php?rest_route=\/wp\/v2\/posts"}],"about":[{"href":"https:\/\/formalprision.com\/index.php?rest_route=\/wp\/v2\/types\/post"}],"author":[{"embeddable":true,"href":"https:\/\/formalprision.com\/index.php?rest_route=\/wp\/v2\/users\/2"}],"replies":[{"embeddable":true,"href":"https:\/\/formalprision.com\/index.php?rest_route=%2Fwp%2Fv2%2Fcomments&post=120843"}],"version-history":[{"count":1,"href":"https:\/\/formalprision.com\/index.php?rest_route=\/wp\/v2\/posts\/120843\/revisions"}],"predecessor-version":[{"id":120844,"href":"https:\/\/formalprision.com\/index.php?rest_route=\/wp\/v2\/posts\/120843\/revisions\/120844"}],"wp:featuredmedia":[{"embeddable":true,"href":"https:\/\/formalprision.com\/index.php?rest_route=\/wp\/v2\/media\/120845"}],"wp:attachment":[{"href":"https:\/\/formalprision.com\/index.php?rest_route=%2Fwp%2Fv2%2Fmedia&parent=120843"}],"wp:term":[{"taxonomy":"category","embeddable":true,"href":"https:\/\/formalprision.com\/index.php?rest_route=%2Fwp%2Fv2%2Fcategories&post=120843"},{"taxonomy":"post_tag","embeddable":true,"href":"https:\/\/formalprision.com\/index.php?rest_route=%2Fwp%2Fv2%2Ftags&post=120843"}],"curies":[{"name":"wp","href":"https:\/\/api.w.org\/{rel}","templated":true}]}}