{"id":120849,"date":"2024-06-14T21:24:48","date_gmt":"2024-06-15T02:24:48","guid":{"rendered":"https:\/\/formalprision.com\/?p=120849"},"modified":"2024-06-16T10:29:49","modified_gmt":"2024-06-16T15:29:49","slug":"se-reunen-mauricio-vila-renan-barrera-y-cecilia-patron-con-el-pan-yucatan","status":"publish","type":"post","link":"https:\/\/formalprision.com\/?p=120849","title":{"rendered":"Se re\u00fanen Mauricio Vila, Ren\u00e1n Barrera y Cecilia Patr\u00f3n con el PAN Yucat\u00e1n"},"content":{"rendered":"\n<p>M\u00c9RIDA, Yucat\u00e1n, 14 de Junio de 2024.- El Gobernador Mauricio Vila Dosal, Ren\u00e1n Barrera Concha, la alcaldesa electa de M\u00e9rida, Cecilia Patr\u00f3n Laviada y el presidente estatal de PAN, As\u00eds Cano Cetina se reunieron con miembros del Acci\u00f3n Nacional en Yucat\u00e1n.<\/p>\n\n\n\n<p>En el encuentro, Barrera Concha expres\u00f3 su agradecimiento a los candidatos que participaron en la pasada contienda electoral, al partido y a los miles de ciudadanos que confiaron en su proyecto de trabajo y, en especial, al Gobernador Vila Dosal por su apoyo.<\/p>\n\n\n\n<p>De manera particular, agradezco al gobernador que, en lo personal y como panista, me brind\u00f3 todo su apoyo durante la campa\u00f1a, incluso cuando tuvo que pedir licencia estuvo haciendo eventos en las principales ciudades, en donde ped\u00eda el apoyo de la ciudadan\u00eda para m\u00ed y nuestro proyecto y, por eso, estar\u00e9 siempre agradecido, manifest\u00f3 Barrera Concha.<\/p>\n\n\n\n<p>\u201cSiempre estar\u00e9 disponible para todas y todos ustedes para cualquier consejo o comentario. Que cuenten con Ren\u00e1n Barrera para seguir construyendo la mejor versi\u00f3n de Yucat\u00e1n, pues de esa manera se beneficiar\u00e1n miles de yucatecos\u201d, agreg\u00f3 el tres veces alcalde M\u00e9rida.<\/p>\n\n\n\n<p>A su vez, Cecilia Patr\u00f3n llam\u00f3 a todos los presentes a trabajar en equipo con los ciudadanos, pero \u201csobre todo a que tengan un gobierno humanista, cercano a la gente y que ofrezca resultados a la poblaci\u00f3n\u201d.<\/p>\n\n\n\n<p>\u201cComo ayuntamientos estamos obligados a entregar buenas cuentas a los ciudadanos y eso tiene que ser una prioridad para todos nosotros duante los pr\u00f3ximos tres a\u00f1os, siempre trabajando en equipo para lograr m\u00e1s cambios \u201d, agreg\u00f3.<\/p>\n\n\n\n<p>Patr\u00f3n Laviada ofreci\u00f3 darle continuidad a los programas y acciones que han dado resultados positivos a los meridanos y a poner en marcha otros que consoliden el desarrollo y crecimiento de M\u00e9rida.<\/p>\n\n\n\n<p>Durante su intervenci\u00f3n, Vila Dosal agradeci\u00f3 el trabajo que realiz\u00f3 el partido durante los \u00faltimos meses en la b\u00fasqueda de obtener los mejores resultados a favor de las familias del estado, as\u00ed como tambi\u00e9n a Ren\u00e1n Barrera por la labor realizada como candidato a Gobernador, su entrega y su cercan\u00eda con las y los yucatecos.<\/p>\n\n\n\n<p>\u201cTenemos que ver hacia adelante. No podemos olvidar que lo que nos une a todos es Yucat\u00e1n, el bienestar de las familias, el generar resultados positivos para todas y todos, y por eso los exhorto a trabajar de manera cercana con las comunidades y su gente\u201d, dijo.<\/p>\n\n\n\n<p>\u201cEstoy seguro que el PAN seguir\u00e1 unido para seguir ofreciendo resultados a la poblaci\u00f3n. Estoy seguro que la unidad y el trabajo en equipo ser\u00e1 garant\u00eda de trabajo y de resultados de los gobiernos del PAN para los pr\u00f3ximos tres a\u00f1os\u201d, asegur\u00f3.<\/p>\n\n\n\n<p>Exhort\u00f3 a los alcaldes electos a \u201cempezar a construir desde lo local una estrategia que ofrezca cercan\u00eda y resultados a la poblaci\u00f3n, porque si hay algo de lo que tenemos que sentirnos orgullosos es de los buenos resultados de los gobiernos emanados del PAN.<\/p>\n\n\n\n<p>Al hacer uso de la palabra, Cano Cetina anunci\u00f3 el relanzamiento de una nueva plataforma de acci\u00f3n pol\u00edtica de cara al reto de gobernar al 66% de la poblaci\u00f3n del estado a nivel municipal y asegur\u00f3 que seguir\u00e1 el trabajo en equipo con las y los yucatecos para seguir ofreciendo gobiernos eficientes y con resultados positivos.<\/p>\n\n\n\n<p>El dirigente subray\u00f3 la importancia de seguir orgullosos de lo que se logr\u00f3 tras la pasada elecci\u00f3n en la que 66 de cada 100 yucatecos nos eligieron como la mejor opci\u00f3n de gobierno.<\/p>\n\n\n\n<p>Agreg\u00f3 que a partir de la pr\u00f3xima semana iniciar\u00e1 un proceso de capacitaci\u00f3n y acompa\u00f1amiento dirigido a las autoridades panistas electas para que a partir del 1 de septiembre inicien de manera exitosa con la encomienda propuesta de escuchar a la gente y de garantizar buenas cuentas y excelentes resultados.<\/p>\n","protected":false},"excerpt":{"rendered":"<p>M\u00c9RIDA, Yucat\u00e1n, 14 de Junio de 2024.- El Gobernador Mauricio Vila Dosal, Ren\u00e1n Barrera Concha, la alcaldesa electa de M\u00e9rida, Cecilia Patr\u00f3n Laviada y el presidente estatal de PAN, As\u00eds<\/p>\n","protected":false},"author":2,"featured_media":120851,"comment_status":"open","ping_status":"open","sticky":false,"template":"","format":"standard","meta":{"jetpack_post_was_ever_published":false,"_jetpack_newsletter_access":"","_jetpack_dont_email_post_to_subs":false,"_jetpack_newsletter_tier_id":0,"_jetpack_memberships_contains_paywalled_content":false,"_jetpack_memberships_contains_paid_content":false,"footnotes":"","jetpack_publicize_message":"","jetpack_publicize_feature_enabled":true,"jetpack_social_post_already_shared":true,"jetpack_social_options":{"image_generator_settings":{"template":"highway","default_image_id":0,"font":"","enabled":false},"version":2}},"categories":[54],"tags":[],"class_list":["post-120849","post","type-post","status-publish","format-standard","has-post-thumbnail","hentry","category-yucatan"],"jetpack_publicize_connections":[],"jetpack_featured_media_url":"https:\/\/formalprision.com\/wp-content\/uploads\/2024\/06\/WhatsApp-Image-2024-06-14-at-7.58.41-PM.jpeg","jetpack_sharing_enabled":true,"jetpack_shortlink":"https:\/\/wp.me\/p6id8p-vrb","_links":{"self":[{"href":"https:\/\/formalprision.com\/index.php?rest_route=\/wp\/v2\/posts\/120849","targetHints":{"allow":["GET"]}}],"collection":[{"href":"https:\/\/formalprision.com\/index.php?rest_route=\/wp\/v2\/posts"}],"about":[{"href":"https:\/\/formalprision.com\/index.php?rest_route=\/wp\/v2\/types\/post"}],"author":[{"embeddable":true,"href":"https:\/\/formalprision.com\/index.php?rest_route=\/wp\/v2\/users\/2"}],"replies":[{"embeddable":true,"href":"https:\/\/formalprision.com\/index.php?rest_route=%2Fwp%2Fv2%2Fcomments&post=120849"}],"version-history":[{"count":1,"href":"https:\/\/formalprision.com\/index.php?rest_route=\/wp\/v2\/posts\/120849\/revisions"}],"predecessor-version":[{"id":120850,"href":"https:\/\/formalprision.com\/index.php?rest_route=\/wp\/v2\/posts\/120849\/revisions\/120850"}],"wp:featuredmedia":[{"embeddable":true,"href":"https:\/\/formalprision.com\/index.php?rest_route=\/wp\/v2\/media\/120851"}],"wp:attachment":[{"href":"https:\/\/formalprision.com\/index.php?rest_route=%2Fwp%2Fv2%2Fmedia&parent=120849"}],"wp:term":[{"taxonomy":"category","embeddable":true,"href":"https:\/\/formalprision.com\/index.php?rest_route=%2Fwp%2Fv2%2Fcategories&post=120849"},{"taxonomy":"post_tag","embeddable":true,"href":"https:\/\/formalprision.com\/index.php?rest_route=%2Fwp%2Fv2%2Ftags&post=120849"}],"curies":[{"name":"wp","href":"https:\/\/api.w.org\/{rel}","templated":true}]}}