{"id":121445,"date":"2024-07-05T10:28:40","date_gmt":"2024-07-05T15:28:40","guid":{"rendered":"https:\/\/formalprision.com\/?p=121445"},"modified":"2024-07-05T20:37:01","modified_gmt":"2024-07-06T01:37:01","slug":"el-gobernador-mauricio-vila-monitorea-desde-el-c5i-el-paso-del-huracan-beryl-por-yucatan","status":"publish","type":"post","link":"https:\/\/formalprision.com\/?p=121445","title":{"rendered":"Mauricio Vila monitorea desde el C5i el paso del hurac\u00e1n \u201cBeryl\u201d por Yucat\u00e1n"},"content":{"rendered":"\n<p>M\u00c9RIDA, Yucat\u00e1n, 5 de julio de 2024.- El gobernador Mauricio Vila Dosal monitirea, junto con m\u00e1s de 170 elementos de la SSP, el paso del hurac\u00e1n \u201cBeryl\u201d por Yucat\u00e1n, que toc\u00f3 territorio estatal a las 7:00 horas de este viernes por Chemax, por lo que  llam\u00f3 a la poblaci\u00f3n a extremar precauciones.<\/p>\n\n\n\n<p>Desde el Centro de Monitoreo del C5i de la SSP, Vila Dosal inform\u00f3 que de acuerdo con el reporte que se tiene al momento ya se reportan lluvias fuertes, viento y fallas en el servicio de la energ\u00eda el\u00e9ctrica en los municipios del oriente del estado, como Chemax, Chichimil\u00e1, Espita, Panab\u00e1, San Felipe, Sucil\u00e1, Tinum, Tixcacalcupul, Tizim\u00edn, Valladolid y Yaxcab\u00e1.<\/p>\n\n\n\n<p>El gobernador extern\u00f3 que durante las pr\u00f3ximas horas se continuar\u00e1n sintiendo los efectos de este fen\u00f3meno natural en el estado, por lo que insisti\u00f3 en su llamado a los yucatecos a permanecer en casa y seguir las indicaciones de Protecci\u00f3n Civil, pues el nivel de alertamiento est\u00e1 en color rojo.<\/p>\n\n\n\n<p>En su mensaje a trav\u00e9s de redes sociales, record\u00f3 que est\u00e1 a disposici\u00f3n de todos el n\u00famero de emergencias 911 y pidi\u00f3 usarlo con responsabilidad, as\u00ed como hacer uso de los refugios temporales, en caso de ser necesario, e inform\u00f3 que se seguir\u00e1 con el monitoreo de este fen\u00f3meno natural hasta que abandone el estado.<\/p>\n","protected":false},"excerpt":{"rendered":"<p>M\u00c9RIDA, Yucat\u00e1n, 5 de julio de 2024.- El gobernador Mauricio Vila Dosal monitirea, junto con m\u00e1s de 170 elementos de la SSP, el paso del hurac\u00e1n \u201cBeryl\u201d por Yucat\u00e1n, que<\/p>\n","protected":false},"author":2,"featured_media":121448,"comment_status":"open","ping_status":"open","sticky":false,"template":"","format":"standard","meta":{"jetpack_post_was_ever_published":false,"_jetpack_newsletter_access":"","_jetpack_dont_email_post_to_subs":false,"_jetpack_newsletter_tier_id":0,"_jetpack_memberships_contains_paywalled_content":false,"_jetpack_memberships_contains_paid_content":false,"footnotes":"","jetpack_publicize_message":"","jetpack_publicize_feature_enabled":true,"jetpack_social_post_already_shared":true,"jetpack_social_options":{"image_generator_settings":{"template":"highway","default_image_id":0,"font":"","enabled":false},"version":2}},"categories":[14,17],"tags":[],"class_list":["post-121445","post","type-post","status-publish","format-standard","has-post-thumbnail","hentry","category-merida","category-politica-y-gobierno"],"jetpack_publicize_connections":[],"jetpack_featured_media_url":"https:\/\/formalprision.com\/wp-content\/uploads\/2024\/07\/vila-moni.jpg","jetpack_sharing_enabled":true,"jetpack_shortlink":"https:\/\/wp.me\/p6id8p-vAN","_links":{"self":[{"href":"https:\/\/formalprision.com\/index.php?rest_route=\/wp\/v2\/posts\/121445","targetHints":{"allow":["GET"]}}],"collection":[{"href":"https:\/\/formalprision.com\/index.php?rest_route=\/wp\/v2\/posts"}],"about":[{"href":"https:\/\/formalprision.com\/index.php?rest_route=\/wp\/v2\/types\/post"}],"author":[{"embeddable":true,"href":"https:\/\/formalprision.com\/index.php?rest_route=\/wp\/v2\/users\/2"}],"replies":[{"embeddable":true,"href":"https:\/\/formalprision.com\/index.php?rest_route=%2Fwp%2Fv2%2Fcomments&post=121445"}],"version-history":[{"count":6,"href":"https:\/\/formalprision.com\/index.php?rest_route=\/wp\/v2\/posts\/121445\/revisions"}],"predecessor-version":[{"id":121453,"href":"https:\/\/formalprision.com\/index.php?rest_route=\/wp\/v2\/posts\/121445\/revisions\/121453"}],"wp:featuredmedia":[{"embeddable":true,"href":"https:\/\/formalprision.com\/index.php?rest_route=\/wp\/v2\/media\/121448"}],"wp:attachment":[{"href":"https:\/\/formalprision.com\/index.php?rest_route=%2Fwp%2Fv2%2Fmedia&parent=121445"}],"wp:term":[{"taxonomy":"category","embeddable":true,"href":"https:\/\/formalprision.com\/index.php?rest_route=%2Fwp%2Fv2%2Fcategories&post=121445"},{"taxonomy":"post_tag","embeddable":true,"href":"https:\/\/formalprision.com\/index.php?rest_route=%2Fwp%2Fv2%2Ftags&post=121445"}],"curies":[{"name":"wp","href":"https:\/\/api.w.org\/{rel}","templated":true}]}}