{"id":121457,"date":"2024-07-05T19:29:29","date_gmt":"2024-07-06T00:29:29","guid":{"rendered":"https:\/\/formalprision.com\/?p=121457"},"modified":"2024-07-07T11:24:18","modified_gmt":"2024-07-07T16:24:18","slug":"ya-se-fue-beryl-mauricio-vila-levanta-la-ley-seca-y-se-reanudan-las-actividades","status":"publish","type":"post","link":"https:\/\/formalprision.com\/?p=121457","title":{"rendered":"Bye bye Beryl: Mauricio Vila levanta la ley seca y se reanudan las actividades"},"content":{"rendered":"\n<p>M\u00c9RIDA, Yucat\u00e1n, 5 de julio de 2024.- \u00c1rboles y postes, falta de suministro el\u00e9ctrico y otros incidentes menores, pero sin p\u00e9rdidas humanas que lamentar, fue el saldo que dej\u00f3 el hurac\u00e1n \u201cBeryl\u201d en su paso por Yucat\u00e1n y tras su salida del territorio estatal desde hoy viernes se levantan todas las medidas restrictivas implementadas a manera de previsi\u00f3n ante este fen\u00f3meno natural, anunci\u00f3 el gobernador Mauricio Vila Dosal.<\/p>\n\n\n\n<p>En un mensaje dirigido a los yucatecos a trav\u00e9s de las redes sociales, Vila Dosal resalt\u00f3 el gran trabajo de prevenci\u00f3n hecho entre todos que nos permite tener saldo blanco, por lo que agradeci\u00f3 la comprensi\u00f3n de los yucatecos y los convoc\u00f3 para que a partir de ma\u00f1ana \u201csigamos trabajando muy fuertemente para seguir construyendo el mejor Yucat\u00e1n de todos los tiempos\u201d.<\/p>\n\n\n\n<p>Ante ello,  indic\u00f3 que desde hoy viernes se reanudan con normalidad las actividades laborales y econ\u00f3micas no esenciales, se levanta la Ley Seca y el servicio de transporte p\u00fablico se normaliza durante el transcurso de la tarde y a partir de ma\u00f1ana funcionar\u00e1 conforme a lo acostumbrado.<\/p>\n\n\n\n<p>Al hacer un balance de la contingencia,  indic\u00f3 que, de acuerdo con los reportes que se tienen hasta el momento, solo se registr\u00f3 la ca\u00edda de \u00e1rboles, ramas y postes, por lo que elementos de la Secretar\u00eda de Seguridad P\u00fablica (SSP), Protecci\u00f3n Civil y de las Fuerzas Armadas contribuyen a levantarlos.<\/p>\n\n\n\n<p>Respecto al suministro de energ\u00eda el\u00e9ctrica, Vila Dosal record\u00f3 que el restablecimiento del servicio es un tema que le compete al Gobierno federal a trav\u00e9s de la Comisi\u00f3n Federal Electricidad (CFE), por lo que invit\u00f3 a los usuarios a levantar sus reportes a trav\u00e9s del 071.<\/p>\n\n\n\n<p>De acuerdo con el reporte meteorol\u00f3gico, el hurac\u00e1n \u201cBeryl\u201d, degradado a tormenta tropical durante su paso por Yucat\u00e1n, dej\u00f3 territorio estatal a las 17:30 horas de este viernes por Puerto Progreso para internarse a las aguas del Golfo de M\u00e9xico. Su paso por el estado fue de poco m\u00e1s de 10 horas.<\/p>\n","protected":false},"excerpt":{"rendered":"<p>M\u00c9RIDA, Yucat\u00e1n, 5 de julio de 2024.- \u00c1rboles y postes, falta de suministro el\u00e9ctrico y otros incidentes menores, pero sin p\u00e9rdidas humanas que lamentar, fue el saldo que dej\u00f3 el<\/p>\n","protected":false},"author":2,"featured_media":121459,"comment_status":"open","ping_status":"open","sticky":false,"template":"","format":"standard","meta":{"jetpack_post_was_ever_published":false,"_jetpack_newsletter_access":"","_jetpack_dont_email_post_to_subs":false,"_jetpack_newsletter_tier_id":0,"_jetpack_memberships_contains_paywalled_content":false,"_jetpack_memberships_contains_paid_content":false,"footnotes":"","jetpack_publicize_message":"","jetpack_publicize_feature_enabled":true,"jetpack_social_post_already_shared":true,"jetpack_social_options":{"image_generator_settings":{"template":"highway","default_image_id":0,"font":"","enabled":false},"version":2}},"categories":[14,17],"tags":[],"class_list":["post-121457","post","type-post","status-publish","format-standard","has-post-thumbnail","hentry","category-merida","category-politica-y-gobierno"],"jetpack_publicize_connections":[],"jetpack_featured_media_url":"https:\/\/formalprision.com\/wp-content\/uploads\/2024\/07\/vila.jpg","jetpack_sharing_enabled":true,"jetpack_shortlink":"https:\/\/wp.me\/p6id8p-vAZ","_links":{"self":[{"href":"https:\/\/formalprision.com\/index.php?rest_route=\/wp\/v2\/posts\/121457","targetHints":{"allow":["GET"]}}],"collection":[{"href":"https:\/\/formalprision.com\/index.php?rest_route=\/wp\/v2\/posts"}],"about":[{"href":"https:\/\/formalprision.com\/index.php?rest_route=\/wp\/v2\/types\/post"}],"author":[{"embeddable":true,"href":"https:\/\/formalprision.com\/index.php?rest_route=\/wp\/v2\/users\/2"}],"replies":[{"embeddable":true,"href":"https:\/\/formalprision.com\/index.php?rest_route=%2Fwp%2Fv2%2Fcomments&post=121457"}],"version-history":[{"count":2,"href":"https:\/\/formalprision.com\/index.php?rest_route=\/wp\/v2\/posts\/121457\/revisions"}],"predecessor-version":[{"id":121461,"href":"https:\/\/formalprision.com\/index.php?rest_route=\/wp\/v2\/posts\/121457\/revisions\/121461"}],"wp:featuredmedia":[{"embeddable":true,"href":"https:\/\/formalprision.com\/index.php?rest_route=\/wp\/v2\/media\/121459"}],"wp:attachment":[{"href":"https:\/\/formalprision.com\/index.php?rest_route=%2Fwp%2Fv2%2Fmedia&parent=121457"}],"wp:term":[{"taxonomy":"category","embeddable":true,"href":"https:\/\/formalprision.com\/index.php?rest_route=%2Fwp%2Fv2%2Fcategories&post=121457"},{"taxonomy":"post_tag","embeddable":true,"href":"https:\/\/formalprision.com\/index.php?rest_route=%2Fwp%2Fv2%2Ftags&post=121457"}],"curies":[{"name":"wp","href":"https:\/\/api.w.org\/{rel}","templated":true}]}}