{"id":123856,"date":"2024-09-14T08:52:59","date_gmt":"2024-09-14T13:52:59","guid":{"rendered":"https:\/\/formalprision.com\/?p=123856"},"modified":"2024-09-14T23:27:27","modified_gmt":"2024-09-15T04:27:27","slug":"capturan-a-hijo-de-dios-acusado-de-abuso-sexual-y-trata-de-personas","status":"publish","type":"post","link":"https:\/\/formalprision.com\/?p=123856","title":{"rendered":"Capturan a \u00abhijo de Dios\u00bb acusado de abuso sexual y trata de personas"},"content":{"rendered":"\n<p>MANILA (AP).- Un predicador filipino acusado de abuso sexual y trata de personas en Filipinas y cargos similares en Estados Unidos fue capturado, informaron autoridades filipinas el domingo.<\/p>\n\n\n\n<p>El secretario del Interior, Benhur \u00c1balos, anunci\u00f3 la detenci\u00f3n de Apolo Quiboloy en un breve comunicado en su cuenta de Facebook, pero no brind\u00f3 m\u00e1s detalles. El jefe de la polic\u00eda filipina, el general Rommel Francisco Marbil, confirm\u00f3 el arresto de Quiboloy sin dar m\u00e1s detalles.<\/p>\n\n\n\n<p>Quiboloy se convirti\u00f3 en pr\u00f3fugo luego que un tribunal filipino ordenara su arresto y el de varias otras personas bajo sospecha de abuso sexual e infantil. El Senado filipino orden\u00f3 por separado el arresto de Quiboloy por negarse a comparecer en las audiencias de la comisi\u00f3n que investigaba las acusaciones penales en su contra.<\/p>\n\n\n\n<p>El presidente Ferdinand Marcos Jr. inst\u00f3 a Quiboloy a entregarse y le asegur\u00f3 un trato justo por parte de las autoridades.<\/p>\n\n\n\n<p>El predicador y su abogado han negado las acusaciones en su contra, afirmando que fueron inventadas por detractores y exmiembros que fueron expulsados del grupo religioso.<\/p>\n\n\n\n<p>En 2021, fiscales federales de Estados Unidos anunciaron la acusaci\u00f3n contra Quiboloy por supuestamente sostener relaciones sexuales con mujeres y ni\u00f1as menores de edad que enfrentaban amenazas de abuso y \u201ccondenaci\u00f3n eterna\u201d a menos que atendieran al autoproclamado \u201chijo de Dios\u201d.<\/p>\n","protected":false},"excerpt":{"rendered":"<p>MANILA (AP).- Un predicador filipino acusado de abuso sexual y trata de personas en Filipinas y cargos similares en Estados Unidos fue capturado, informaron autoridades filipinas el domingo. El secretario<\/p>\n","protected":false},"author":2,"featured_media":123858,"comment_status":"open","ping_status":"open","sticky":false,"template":"","format":"standard","meta":{"jetpack_post_was_ever_published":false,"_jetpack_newsletter_access":"","_jetpack_dont_email_post_to_subs":false,"_jetpack_newsletter_tier_id":0,"_jetpack_memberships_contains_paywalled_content":false,"_jetpack_memberships_contains_paid_content":false,"footnotes":"","jetpack_publicize_message":"","jetpack_publicize_feature_enabled":true,"jetpack_social_post_already_shared":true,"jetpack_social_options":{"image_generator_settings":{"template":"highway","default_image_id":0,"font":"","enabled":false},"version":2}},"categories":[23],"tags":[],"class_list":["post-123856","post","type-post","status-publish","format-standard","has-post-thumbnail","hentry","category-del-mundo"],"jetpack_publicize_connections":[],"jetpack_featured_media_url":"https:\/\/formalprision.com\/wp-content\/uploads\/2024\/09\/apolo.jpg","jetpack_sharing_enabled":true,"jetpack_shortlink":"https:\/\/wp.me\/p6id8p-wdG","_links":{"self":[{"href":"https:\/\/formalprision.com\/index.php?rest_route=\/wp\/v2\/posts\/123856","targetHints":{"allow":["GET"]}}],"collection":[{"href":"https:\/\/formalprision.com\/index.php?rest_route=\/wp\/v2\/posts"}],"about":[{"href":"https:\/\/formalprision.com\/index.php?rest_route=\/wp\/v2\/types\/post"}],"author":[{"embeddable":true,"href":"https:\/\/formalprision.com\/index.php?rest_route=\/wp\/v2\/users\/2"}],"replies":[{"embeddable":true,"href":"https:\/\/formalprision.com\/index.php?rest_route=%2Fwp%2Fv2%2Fcomments&post=123856"}],"version-history":[{"count":1,"href":"https:\/\/formalprision.com\/index.php?rest_route=\/wp\/v2\/posts\/123856\/revisions"}],"predecessor-version":[{"id":123857,"href":"https:\/\/formalprision.com\/index.php?rest_route=\/wp\/v2\/posts\/123856\/revisions\/123857"}],"wp:featuredmedia":[{"embeddable":true,"href":"https:\/\/formalprision.com\/index.php?rest_route=\/wp\/v2\/media\/123858"}],"wp:attachment":[{"href":"https:\/\/formalprision.com\/index.php?rest_route=%2Fwp%2Fv2%2Fmedia&parent=123856"}],"wp:term":[{"taxonomy":"category","embeddable":true,"href":"https:\/\/formalprision.com\/index.php?rest_route=%2Fwp%2Fv2%2Fcategories&post=123856"},{"taxonomy":"post_tag","embeddable":true,"href":"https:\/\/formalprision.com\/index.php?rest_route=%2Fwp%2Fv2%2Ftags&post=123856"}],"curies":[{"name":"wp","href":"https:\/\/api.w.org\/{rel}","templated":true}]}}