{"id":123859,"date":"2024-09-14T09:06:35","date_gmt":"2024-09-14T14:06:35","guid":{"rendered":"https:\/\/formalprision.com\/?p=123859"},"modified":"2024-09-14T23:27:05","modified_gmt":"2024-09-15T04:27:05","slug":"el-papa-francisco-le-dice-a-nicolas-maduro-que-acabara-mal","status":"publish","type":"post","link":"https:\/\/formalprision.com\/?p=123859","title":{"rendered":"El Papa Francisco le dice a Nicol\u00e1s Maduro que acabar\u00e1 mal"},"content":{"rendered":"\n<p>El papa Francisco lanz\u00f3 un nuevo dardo al mandatario venezolano Nicol\u00e1s Maduro al afirmar que \u201clas dictaduras no sirven de nada y acaban mal, tarde o temprano\u201d. En ese sentido, lo invit\u00f3 a dialogar tras las denuncias de fraude en las elecciones del 28 de julio cuyos resultados oficiales dieron la victoria a Maduro para un tercer mandato consecutivo de seis a\u00f1os.<\/p>\n\n\n\n<p>\u201cEl mensaje que doy a los gobernantes es el de dialogar y hacer la paz\u201d, respondi\u00f3 en la rueda de prensa en el avi\u00f3n de regreso de su gira por Asia y Ocean\u00eda antes de acusar al r\u00e9gimen de Maduro de \u201cdictadura\u201d.<\/p>\n\n\n\n<p>Adem\u00e1s, reiter\u00f3 su llamado para que \u201cel Gobierno y el pueblo hagan todo lo posible por encontrar un camino de paz en Venezuela\u201d. Record\u00f3 que \u201clos obispos han hablado y su mensaje es bueno\u201d, agreg\u00f3.<\/p>\n\n\n\n<p>Los obispos venezolanos han pedido en varias ocasiones a Nicol\u00e1s Maduro que muestre las actas electorales porque \u201cdesconocer la soberan\u00eda popular manifestada a trav\u00e9s del voto es moralmente inaceptable, ya que se aparta gravemente de la verdad y de la justicia\u201d.<\/p>\n\n\n\n<p>El gobierno de Estados Unidos advirti\u00f3 a Maduro, que si no \u201chace lo correcto\u201d y publica las actas electorales, llevar\u00e1 a cabo m\u00e1s acciones contra Venezuela. \u201cNo vamos a descartar nada\u201d, apunt\u00f3 el portavoz de Seguridad Nacional de la Casa Blanca, John Kirby.<\/p>\n\n\n\n<p>Y las relaciones entre Espa\u00f1a y Venezuela est\u00e1n en la antesala de una ruptura despu\u00e9s de que Caracas llam\u00f3 a consultas a su embajadora en Madrid, Gladys Guti\u00e9rrez. En Espa\u00f1a est\u00e1 asilado el l\u00edder opositor venezolano Edmundo Gonz\u00e1lez.<\/p>\n\n\n\n<p>La Uni\u00f3n Europea no reconoce la \u201clegitimidad democr\u00e1tica\u201d del gobierno de Maduro porque \u201cha ganado las elecciones sin demostrarlo\u201d.<\/p>\n","protected":false},"excerpt":{"rendered":"<p>El papa Francisco lanz\u00f3 un nuevo dardo al mandatario venezolano Nicol\u00e1s Maduro al afirmar que \u201clas dictaduras no sirven de nada y acaban mal, tarde o temprano\u201d. En ese sentido,<\/p>\n","protected":false},"author":2,"featured_media":123861,"comment_status":"open","ping_status":"open","sticky":false,"template":"","format":"standard","meta":{"jetpack_post_was_ever_published":false,"_jetpack_newsletter_access":"","_jetpack_dont_email_post_to_subs":false,"_jetpack_newsletter_tier_id":0,"_jetpack_memberships_contains_paywalled_content":false,"_jetpack_memberships_contains_paid_content":false,"footnotes":"","jetpack_publicize_message":"","jetpack_publicize_feature_enabled":true,"jetpack_social_post_already_shared":true,"jetpack_social_options":{"image_generator_settings":{"template":"highway","default_image_id":0,"font":"","enabled":false},"version":2}},"categories":[23],"tags":[],"class_list":["post-123859","post","type-post","status-publish","format-standard","has-post-thumbnail","hentry","category-del-mundo"],"jetpack_publicize_connections":[],"jetpack_featured_media_url":"https:\/\/formalprision.com\/wp-content\/uploads\/2024\/09\/papa.jpg","jetpack_sharing_enabled":true,"jetpack_shortlink":"https:\/\/wp.me\/p6id8p-wdJ","_links":{"self":[{"href":"https:\/\/formalprision.com\/index.php?rest_route=\/wp\/v2\/posts\/123859","targetHints":{"allow":["GET"]}}],"collection":[{"href":"https:\/\/formalprision.com\/index.php?rest_route=\/wp\/v2\/posts"}],"about":[{"href":"https:\/\/formalprision.com\/index.php?rest_route=\/wp\/v2\/types\/post"}],"author":[{"embeddable":true,"href":"https:\/\/formalprision.com\/index.php?rest_route=\/wp\/v2\/users\/2"}],"replies":[{"embeddable":true,"href":"https:\/\/formalprision.com\/index.php?rest_route=%2Fwp%2Fv2%2Fcomments&post=123859"}],"version-history":[{"count":1,"href":"https:\/\/formalprision.com\/index.php?rest_route=\/wp\/v2\/posts\/123859\/revisions"}],"predecessor-version":[{"id":123860,"href":"https:\/\/formalprision.com\/index.php?rest_route=\/wp\/v2\/posts\/123859\/revisions\/123860"}],"wp:featuredmedia":[{"embeddable":true,"href":"https:\/\/formalprision.com\/index.php?rest_route=\/wp\/v2\/media\/123861"}],"wp:attachment":[{"href":"https:\/\/formalprision.com\/index.php?rest_route=%2Fwp%2Fv2%2Fmedia&parent=123859"}],"wp:term":[{"taxonomy":"category","embeddable":true,"href":"https:\/\/formalprision.com\/index.php?rest_route=%2Fwp%2Fv2%2Fcategories&post=123859"},{"taxonomy":"post_tag","embeddable":true,"href":"https:\/\/formalprision.com\/index.php?rest_route=%2Fwp%2Fv2%2Ftags&post=123859"}],"curies":[{"name":"wp","href":"https:\/\/api.w.org\/{rel}","templated":true}]}}