{"id":123868,"date":"2024-09-14T14:15:37","date_gmt":"2024-09-14T19:15:37","guid":{"rendered":"https:\/\/formalprision.com\/?p=123868"},"modified":"2024-09-14T23:26:28","modified_gmt":"2024-09-15T04:26:28","slug":"garantizado-el-transporte-publico-durante-los-festejos-patrios-en-merida","status":"publish","type":"post","link":"https:\/\/formalprision.com\/?p=123868","title":{"rendered":"Garantizado el transporte p\u00fablico durante los festejos patrios en M\u00e9rida"},"content":{"rendered":"\n<p>M\u00c9RIDA, Yucat\u00e1n, 14 de septiembre de 2024.- Con motivo de las fiestas patrias por el 214 aniversario del inicio del movimiento de Independencia de M\u00e9xico, el servicio de transporte p\u00fablico del Sistema Va y Ven se ampliar\u00e1 hasta las 3 de la ma\u00f1ana del lunes 16 de septiembre en M\u00e9rida y su zona metropolitana, as\u00ed como en las rutas de los municipios de Tizim\u00edn y Valladolid.<\/p>\n\n\n\n<p>La Agencia de Transporte de Yucat\u00e1n (ATY) inform\u00f3 que adem\u00e1s 15 rutas nocturnas del Va y Ven que funcionan en la capital yucateca operar\u00e1n como de costumbre a partir de la noche del domingo 15 hasta las 5 de la ma\u00f1ana del d\u00eda 16, esto para facilitar el traslado c\u00f3modo y seguro para las personas que acudan a las festividades.<\/p>\n\n\n\n<p>De igual forma, precis\u00f3 la ATY, las 4 rutas del Ie-tram funcionar\u00e1n en sus horarios habituales la ruta La Plancha-Kanas\u00edn el domingo 15 de 6 am a 10:40 pm y el lunes 16 de 5 am a 10:40 pm; la ruta La Plancha-Facultad de Ingenier\u00eda, el domingo 15 y lunes 16 de 5:20 am a 10 pm y las rutas La Plancha-Estaci\u00f3n Tren Maya Teya y Centro-Um\u00e1n-Tren Maya, de acuerdo a los horarios de salida del Tren Maya.<\/p>\n\n\n\n<p>Asimismo, la ATY anunci\u00f3 que, por el Desfile C\u00edvico Militar del lunes 16 de septiembre, a partir de las 5:00 horas, ser\u00e1n reubicados algunos paraderos de rutas de autobuses y combis del transporte p\u00fablico, volviendo a su lugar habitual una vez que haya concluido el derrotero.<\/p>\n\n\n\n<p>Las rutas Um\u00e1n-Ciudad Industrial-San Lorenzo-Mercado; 67 Mulsay; 69 Opich\u00e9n y 69 Diamante, correspondientes a los paraderos de la calle 69 entre 58 y 60, se reubicar\u00e1n temporalmente en la calle 69 entre 66 y 68.<\/p>\n\n\n\n<p>Los paraderos de las rutas; Cementerio-Sambul\u00e1 R1-R2; Poniente Madero; 64 Castilla C\u00e1mara; Tixcacal-Oxcum y Susul\u00e1 Chalmuch (combi) ubicados en la calle 69 entre 60 y 62, se reubicar\u00e1n temporalmente en la calle 69 entre 68 y 70. Mientras que la ruta Crescencio Rej\u00f3n &#8211; El Roble cuyo paradero se encuentra en la calle 69 entre 60 y 62, pasar\u00e1 a la calle 58 entre 67 y 69.<\/p>\n\n\n\n<p>Las rutas Ciudad Industrial-Paseos de Itzincab-Piedra de Agua; 66 Amapola; 77 Sambul\u00e1 y Sierra Papacal-M\u00e9rida con paradero en la calle 69 entre 62 y 64, quedar\u00e1n moment\u00e1neamente en la calle 66 entre 69 y 71. Mientras que la ruta Diamante Expr\u00e9s que tambi\u00e9n se ubica en la calle 69 entre 62 y 64, estar\u00e1 ubicada temporalmente en la calle 69 entre 58 y 60.<\/p>\n\n\n\n<p>Las rutas Lindavista R1 y R2 (combi); Ruta 9 Ciudad Caucel-Cobay-Caucel (combi); R7 Animaya-Corredor Comercial-Avenida 70 (combi); Ruta 11 Hacienda Anicabil R1 y R2 (combi); Ruta 10 Ciudad Caucel (combi); Ruta 8 Caucel-Cobay Ciudad Caucel-Norte Caucel (combi) y 49 Petronila (combi); as\u00ed como las rutas de autobuses de 49 Petronila Santiago-Cl\u00ednica y 59 A Nora Quintana-Juan Pablo, todos con paraderos en la calle 67 entre 62 y 64, se reubicar\u00e1n temporalmente en la calle 67 entre 66 y 64.<\/p>\n\n\n\n<p>La ruta de Yucalpet\u00e9n-Mulsay (combi) ubicada en la calle 62 entre 67 y 67A, pasar\u00e1 moment\u00e1neamente a la calle 67 entre 66 y 64. Mientras que las rutas de Tapetes; Las \u00c1guilas-Cholul (combi); Chuburn\u00e1 21 (combi); Chuburn\u00e1 Santos (combi); Bugambilias Xcumpich (combi) y de autob\u00fas Chuburn\u00e1 21; cuyos paraderos se encuentran en la calle 56 entre 61 y 59, se reubicar\u00e1n en la calle 62 entre 57 y 55.<\/p>\n\n\n\n<p>Adem\u00e1s, las rutas de autobuses Tec Mid-Facultad de Ingenier\u00eda-Fracc. Las Am\u00e9ricas; Av. Tecnol\u00f3gico-Siglo XXI-The Harbor-Fracc. Las Am\u00e9ricas II y Av. Tecnol\u00f3gico-V\u00eda Montejo-Fracc. Las Am\u00e9ricas con paraderos en la calle 63 entre 58 y 56, pasar\u00e1n moment\u00e1neamente a la calle 57 entre 64 y 66.<\/p>\n\n\n\n<p>Las rutas R96 59A-Av. Jacinto Canek-Cd Caucel-Animaya; R. 92 59A-Av. Jacinto Canek-Almendros-UPY; R.91 Av. Jacinto Canek-Fracc. Las Palmeras Cd. Caucel-Fracc. Paseos de Caucel 2da Etapa; R.94 Av. Jacinto Canek-Deportivo Cd. Caucel-Gran Herradura; R.95 O\u2019Hor\u00e1n-Av. Jacinto Canek-Fracc. Almendros III; R.93 O\u2019Hor\u00e1n-Av. Jacinto Canek-Fracc. Almendros III; R. 97 65 Centenario-Bosques del Poniente-Anicabil y las rutas R.89 y R.90 O\u2019Hor\u00e1n-Av. Jacinto Canek-Caucel Norte \/ O\u2019Horan-Av. Jacinto Canek-Cobay Caucel-Piedra Norte con paraderos en la calle 67 entre 60 y 62, estar\u00e1n ubicados temporalmente en la calle 64 entre 61 y 63.<\/p>\n\n\n\n<p>Las rutas de camiones Chuburn\u00e1-Glorieta Los Cantaritos-Calle 61 Fracc. Francisco de Montejo; Ib\u00e9rica R2 y R3; Cholul, Tixcuyt\u00fan e Ib\u00e9rica-Francisco de Montejo (combi) con paraderos correspondientes a la calle 65 entre 50 y 52, pasar\u00e1n de forma temporal a la calle 64 entre 57 y 55.<\/p>\n\n\n\n<p>Las rutas de autobuses ISSSTE Pensiones-IMSS La Ceiba-Fracc. Residencial de Pensiones; Chuburn\u00e1-CICY-Prepa 8-Fracc. Francisco de Montejo-Fac Matem\u00e1ticas-CRIT; Fracc. Francisco de Montejo-Fac. De Ingenier\u00eda-Parque Industrial Yucat\u00e1n-Komch\u00e9n; as\u00ed como Chenk\u00fa-Pensiones R1 y R2 (combi); Xcanat\u00fan (combi); Xcanat\u00fan (combi) e Xcuny\u00e1 (combi) con paraderos en la calle 61 entre 54 y 56, se ubicar\u00e1n temporalmente en la calle 64 entre 59 y 57.<\/p>\n\n\n\n<p>Adem\u00e1s, las rutas R.76 Chuburn\u00e1 Fracc. Bugambilias-Fco. De Montejo (Nueva Va y Ven); R.77 Chuburn\u00e1 C.20-Fco. De Montejo-Glorieta las Palmas (Nueva Va y Ven); Xcunpich-Dzity\u00e1; Francisco de Montejo R1; Francisco de Montejo R2; Temoz\u00f3n-Chablekal y Chablekal (combi) cuyos paraderos se encuentran en la calle 56 entre 57 y 59, se mover\u00e1n temporalmente a la calle 57 entre 62 y 64.<\/p>\n\n\n\n<p>Finalmente, las rutas de autobuses Itzimn\u00e1-San Antonio Cinta-Paseo de Montejo-Catedral; Itzimn\u00e1; Itzimn\u00e1-Colonia Maya y Tapetes-Dzodzil con paraderos en la calle 56 entre 63 y 61, se reubicar\u00e1n temporalmente en la calle 57 entre 62 y 64.<\/p>\n\n\n\n<p>La ATY cuenta con la l\u00ednea 072 as\u00ed como el ChatBus v\u00eda mensaje de WhatsApp al 999 2785 368 en el que las y los usuarios pueden reportar cualquier incidencia en el transporte p\u00fablico, solicitar informaci\u00f3n de rutas, paraderos y tr\u00e1mites, as\u00ed como emitir sugerencias; tambi\u00e9n pueden comunicarse al correo ayuda@transporteyucatan.org.mx.<\/p>\n","protected":false},"excerpt":{"rendered":"<p>M\u00c9RIDA, Yucat\u00e1n, 14 de septiembre de 2024.- Con motivo de las fiestas patrias por el 214 aniversario del inicio del movimiento de Independencia de M\u00e9xico, el servicio de transporte p\u00fablico<\/p>\n","protected":false},"author":2,"featured_media":123870,"comment_status":"open","ping_status":"open","sticky":false,"template":"","format":"standard","meta":{"jetpack_post_was_ever_published":false,"_jetpack_newsletter_access":"","_jetpack_dont_email_post_to_subs":false,"_jetpack_newsletter_tier_id":0,"_jetpack_memberships_contains_paywalled_content":false,"_jetpack_memberships_contains_paid_content":false,"footnotes":"","jetpack_publicize_message":"","jetpack_publicize_feature_enabled":true,"jetpack_social_post_already_shared":true,"jetpack_social_options":{"image_generator_settings":{"template":"highway","default_image_id":0,"font":"","enabled":false},"version":2}},"categories":[14,17],"tags":[],"class_list":["post-123868","post","type-post","status-publish","format-standard","has-post-thumbnail","hentry","category-merida","category-politica-y-gobierno"],"jetpack_publicize_connections":[],"jetpack_featured_media_url":"https:\/\/formalprision.com\/wp-content\/uploads\/2024\/09\/image00001-2.jpg","jetpack_sharing_enabled":true,"jetpack_shortlink":"https:\/\/wp.me\/p6id8p-wdS","_links":{"self":[{"href":"https:\/\/formalprision.com\/index.php?rest_route=\/wp\/v2\/posts\/123868","targetHints":{"allow":["GET"]}}],"collection":[{"href":"https:\/\/formalprision.com\/index.php?rest_route=\/wp\/v2\/posts"}],"about":[{"href":"https:\/\/formalprision.com\/index.php?rest_route=\/wp\/v2\/types\/post"}],"author":[{"embeddable":true,"href":"https:\/\/formalprision.com\/index.php?rest_route=\/wp\/v2\/users\/2"}],"replies":[{"embeddable":true,"href":"https:\/\/formalprision.com\/index.php?rest_route=%2Fwp%2Fv2%2Fcomments&post=123868"}],"version-history":[{"count":1,"href":"https:\/\/formalprision.com\/index.php?rest_route=\/wp\/v2\/posts\/123868\/revisions"}],"predecessor-version":[{"id":123869,"href":"https:\/\/formalprision.com\/index.php?rest_route=\/wp\/v2\/posts\/123868\/revisions\/123869"}],"wp:featuredmedia":[{"embeddable":true,"href":"https:\/\/formalprision.com\/index.php?rest_route=\/wp\/v2\/media\/123870"}],"wp:attachment":[{"href":"https:\/\/formalprision.com\/index.php?rest_route=%2Fwp%2Fv2%2Fmedia&parent=123868"}],"wp:term":[{"taxonomy":"category","embeddable":true,"href":"https:\/\/formalprision.com\/index.php?rest_route=%2Fwp%2Fv2%2Fcategories&post=123868"},{"taxonomy":"post_tag","embeddable":true,"href":"https:\/\/formalprision.com\/index.php?rest_route=%2Fwp%2Fv2%2Ftags&post=123868"}],"curies":[{"name":"wp","href":"https:\/\/api.w.org\/{rel}","templated":true}]}}