{"id":124610,"date":"2024-10-06T00:21:57","date_gmt":"2024-10-06T05:21:57","guid":{"rendered":"https:\/\/formalprision.com\/?p=124610"},"modified":"2024-10-07T00:49:15","modified_gmt":"2024-10-07T05:49:15","slug":"muere-a-los-94-anos-ifigenia-martinez-fundadora-del-prd","status":"publish","type":"post","link":"https:\/\/formalprision.com\/?p=124610","title":{"rendered":"Muere a los 94 a\u00f1os Ifigenia Mart\u00ednez, fundadora del PRD"},"content":{"rendered":"\n<p>Ciudad de M\u00e9xico, 5 de octubre (SinEmbargo).- Ifigenia Mart\u00ednez Ibarra, la presidenta de la Mesa Directiva de la C\u00e1mara de Diputados y una de las primeras mujeres en romper el techo de cristal en la clase pol\u00edtica y acad\u00e9mica, muri\u00f3. Ten\u00eda 94 a\u00f1os de edad.<\/p>\n\n\n\n<p>La presidenta Claudia Sheinbaum Pardo, quien recibi\u00f3 la banda presidencial en manos de la propia Ifigenia Mart\u00ednez, una de las fundadoras del Partido de la Revoluci\u00f3n Democr\u00e1tica (PRD) junto con Cuauht\u00e9moc C\u00e1rdenas y Porfirio Mu\u00f1oz Ledo, confirm\u00f3 la noticia desde su cuenta de X.<\/p>\n\n\n\n<p>Ifigenia Mart\u00ednez fue vista por \u00faltima vez el pasado 1 de octubre, cuando en calidad de presidenta de la Mesa Directiva de la C\u00e1mara de Diputados y a manera de homenaje en vida, le entreg\u00f3 la banda presidencial a Claudia Sheinbaum Pardo, la primera mujer en convertirse en titular del Poder Ejecutivo del pa\u00eds.<\/p>\n\n\n\n<p>Sin embargo, no pudo pronunciar su discurso. Poco tiempo despu\u00e9s de que sucediera la investidura, Ifigenia Mart\u00ednez comparti\u00f3 el documento con el que reconoc\u00eda el triunfo de Sheinbaum y el logro hist\u00f3rico para las mujeres y la izquierda en M\u00e9xico.<\/p>\n\n\n\n<p>En un documento, la presidenta de la C\u00e1mara de Diputados se\u00f1al\u00f3 que la llegada de Sheinbaum Pardo a la Presidencia \u201ces la culminaci\u00f3n de una lucha\u201d que han sostenido generaciones enteras de mujeres, quienes han desafiado toda clase de dificultades a lo largo de los a\u00f1os.<\/p>\n\n\n\n<p>Ifigenia Mart\u00ednez Hern\u00e1ndez ha sido una mujer de izquierda desde ni\u00f1a. Su educaci\u00f3n b\u00e1sica la inici\u00f3 en el colegio Alem\u00e1n, pero la sacaron cuando comenz\u00f3 el gobierno nazi de Adolf Hitler en los treinta. En 1946 egres\u00f3 de la entonces Escuela Nacional de Econom\u00eda de la UNAM, misma de la que fue Directora en los sesenta.<\/p>\n\n\n\n<p>Como investigadora, ha abordado el tema de la desigualdad social derivada del modelo econ\u00f3mico neoliberal. Particip\u00f3 en el estudio donde por primera vez se calcul\u00f3 en M\u00e9xico la distribuci\u00f3n del ingreso nacional.<\/p>\n\n\n\n<p>Inici\u00f3 su carrera pol\u00edtica como solo se pod\u00eda en esa \u00e9poca: en el hegem\u00f3nico PRI. Dentro conform\u00f3 la Corriente Democr\u00e1tica junto con Porfirio Mu\u00f1oz Ledo y el Gobernador de Michoac\u00e1n Cuauht\u00e9moc C\u00e1rdenas.<\/p>\n\n\n\n<p>De 1965 a 1970, fue la jefa de la asesor\u00eda econ\u00f3mica del presidente Gustavo D\u00edaz Ordaz \u2013sin que eso le impidiera defender el movimiento del 68\u2013 y durante el Gobierno de Luis Echeverr\u00eda fue la directora de Programaci\u00f3n y Descentralizaci\u00f3n Administrativa de la Secretar\u00eda de Hacienda.<\/p>\n\n\n\n<p>En los ochenta, una d\u00e9cada de crisis econ\u00f3mica, Mart\u00ednez, Mu\u00f1oz Ledo y C\u00e1rdenas propusieron terminar con los dedazos para designar a los candidatos presidenciales. Al recibir una negativa, renunciaron y conformaron un frente \u00fanico democr\u00e1tico que, tras el fraude electoral de 1988, deriv\u00f3 en el Partido de la Revoluci\u00f3n Democr\u00e1tica bajo el lema \u201cDemocracia ya, patria para todos\u201d.<\/p>\n\n\n\n<p>Aunque en el 2000 fue precandidata para la jefatura de gobierno del DF, finalmente contendi\u00f3 y fue electo L\u00f3pez Obrador. Desde entonces Ifigenia apoy\u00f3 a L\u00f3pez Obrador en sus candidaturas presidenciales de 2006 y 2012 y&nbsp;<a href=\"https:\/\/go.squidapp.co\/?to=https%3A%2F%2Fx.com%2FIfigeniaMtz%2Fstatus%2F1012031143582093323\">renunci\u00f3 al PRD<\/a>&nbsp;para apoyarlo desde Morena.<\/p>\n\n\n\n<p>En 2021 Ifigenia&nbsp;<a href=\"https:\/\/go.squidapp.co\/?to=https%3A%2F%2Fmedallabelisariodominguez.senado.gob.mx%2Fmedallabelisario%2Fgalardonados\">recibi\u00f3 la medalla \u201cBelisario Dom\u00ednguez\u201d<\/a>, un reconocimiento entregado por el Senado de la Rep\u00fablica a figuras hist\u00f3ricas. Durante su discurso, como una economista pol\u00edtica, reiter\u00f3 su convencimiento contra el autoritarismo y el neoliberalismo.<\/p>\n","protected":false},"excerpt":{"rendered":"<p>Ciudad de M\u00e9xico, 5 de octubre (SinEmbargo).- Ifigenia Mart\u00ednez Ibarra, la presidenta de la Mesa Directiva de la C\u00e1mara de Diputados y una de las primeras mujeres en romper el<\/p>\n","protected":false},"author":1,"featured_media":124611,"comment_status":"open","ping_status":"open","sticky":false,"template":"","format":"standard","meta":{"jetpack_post_was_ever_published":false,"_jetpack_newsletter_access":"","_jetpack_dont_email_post_to_subs":false,"_jetpack_newsletter_tier_id":0,"_jetpack_memberships_contains_paywalled_content":false,"_jetpack_memberships_contains_paid_content":false,"footnotes":"","jetpack_publicize_message":"","jetpack_publicize_feature_enabled":true,"jetpack_social_post_already_shared":true,"jetpack_social_options":{"image_generator_settings":{"template":"highway","default_image_id":0,"font":"","enabled":false},"version":2}},"categories":[23,21],"tags":[],"class_list":["post-124610","post","type-post","status-publish","format-standard","has-post-thumbnail","hentry","category-del-mundo","category-nacionales"],"jetpack_publicize_connections":[],"jetpack_featured_media_url":"https:\/\/formalprision.com\/wp-content\/uploads\/2024\/10\/b6100500-f1ea-326e-88fe-2f5130c45a7d-1100x580-1.jpg","jetpack_sharing_enabled":true,"jetpack_shortlink":"https:\/\/wp.me\/p6id8p-wpQ","_links":{"self":[{"href":"https:\/\/formalprision.com\/index.php?rest_route=\/wp\/v2\/posts\/124610","targetHints":{"allow":["GET"]}}],"collection":[{"href":"https:\/\/formalprision.com\/index.php?rest_route=\/wp\/v2\/posts"}],"about":[{"href":"https:\/\/formalprision.com\/index.php?rest_route=\/wp\/v2\/types\/post"}],"author":[{"embeddable":true,"href":"https:\/\/formalprision.com\/index.php?rest_route=\/wp\/v2\/users\/1"}],"replies":[{"embeddable":true,"href":"https:\/\/formalprision.com\/index.php?rest_route=%2Fwp%2Fv2%2Fcomments&post=124610"}],"version-history":[{"count":1,"href":"https:\/\/formalprision.com\/index.php?rest_route=\/wp\/v2\/posts\/124610\/revisions"}],"predecessor-version":[{"id":124612,"href":"https:\/\/formalprision.com\/index.php?rest_route=\/wp\/v2\/posts\/124610\/revisions\/124612"}],"wp:featuredmedia":[{"embeddable":true,"href":"https:\/\/formalprision.com\/index.php?rest_route=\/wp\/v2\/media\/124611"}],"wp:attachment":[{"href":"https:\/\/formalprision.com\/index.php?rest_route=%2Fwp%2Fv2%2Fmedia&parent=124610"}],"wp:term":[{"taxonomy":"category","embeddable":true,"href":"https:\/\/formalprision.com\/index.php?rest_route=%2Fwp%2Fv2%2Fcategories&post=124610"},{"taxonomy":"post_tag","embeddable":true,"href":"https:\/\/formalprision.com\/index.php?rest_route=%2Fwp%2Fv2%2Ftags&post=124610"}],"curies":[{"name":"wp","href":"https:\/\/api.w.org\/{rel}","templated":true}]}}