{"id":124616,"date":"2024-10-06T08:39:17","date_gmt":"2024-10-06T13:39:17","guid":{"rendered":"https:\/\/formalprision.com\/?p=124616"},"modified":"2024-10-07T10:39:42","modified_gmt":"2024-10-07T15:39:42","slug":"en-noviembre-iniciaran-las-preinscripciones-en-linea-para-el-ciclo-escolar-2025-2026","status":"publish","type":"post","link":"https:\/\/formalprision.com\/?p=124616","title":{"rendered":"En noviembre iniciar\u00e1n las preinscripciones en l\u00ednea para el Ciclo Escolar 2025-2026"},"content":{"rendered":"\n<p>M\u00c9RIDA, Yucat\u00e1n.- La Secretar\u00eda de Educaci\u00f3n del Gobierno del Estado de Yucat\u00e1n (Segey), emiti\u00f3 la convocatoria dirigida a madres, padres de familia y\/o tutores con hijos en edad de ingresar a segundo y tercer grado de Preescolar, primer grado de Primaria y primer grado de Secundaria en escuelas p\u00fablicas, a realizar el proceso de preinscripci\u00f3n en l\u00ednea para el ciclo escolar 2025-2026, que se llevar\u00e1 a cabo del 19 de noviembre al 18 de diciembre de 2024.<\/p>\n\n\n\n<p>El tr\u00e1mite que se realizar\u00e1 a trav\u00e9s del portal oficial en l\u00ednea http:\/\/www.preinscripciones.segey.gob.mx es gratuito y garantiza un espacio seguro para que los alumnos puedan inscribirse al plantel de su elecci\u00f3n con mecanismos de asignaci\u00f3n equitativa, evitando las filas innecesarias, facilita el proceso y ahorra tiempo.<\/p>\n\n\n\n<p>De este modo, las preinscripciones para el nivel Preescolar ser\u00e1n del 19 al 29 de noviembre, para nivel Primaria del 27 de noviembre al 6 de diciembre y para Secundaria, del 4 al 18 de diciembre de este a\u00f1o. En apoyo a quienes no tengan acceso a internet, se brindar\u00e1 apoyo a trav\u00e9s de los 12 Centros de Desarrollo Educativo pertenecientes a la Segey, ubicados en M\u00e9rida, Hunucm\u00e1, Izamal, Maxcan\u00fa, Motul, Peto, Tekax, Ticul, Tizim\u00edn, Valladolid y Yaxcab\u00e1.<\/p>\n\n\n\n<p>Los alumnos preinscritos a escuelas con sobredemanda en su primera opci\u00f3n deber\u00e1n presentarse del 10 al 24 de marzo de 2025 a presentar el Instrumento de Selecci\u00f3n para Alumnos que Ingresan a Secundaria (ISAIS). En el caso de las escuelas de Educaci\u00f3n B\u00e1sica, que son \u00fanicas en su localidad, podr\u00e1n realizar una preinscripci\u00f3n simplificada, mediante la cual el padre de familia o tutor solamente deber\u00e1 confirmar con la escuela su decisi\u00f3n de que el alumno sea preinscrito en ella.<\/p>\n\n\n\n<p>Para obtener m\u00e1s informaci\u00f3n sobre esta convocatoria, se puede consultar en: https:\/\/educacion.yucatan.gob.mx\/multimedia\/publicaciones\/240930_PreinscripcionesAnticipadas.pdf<\/p>\n","protected":false},"excerpt":{"rendered":"<p>M\u00c9RIDA, Yucat\u00e1n.- La Secretar\u00eda de Educaci\u00f3n del Gobierno del Estado de Yucat\u00e1n (Segey), emiti\u00f3 la convocatoria dirigida a madres, padres de familia y\/o tutores con hijos en edad de ingresar<\/p>\n","protected":false},"author":2,"featured_media":124618,"comment_status":"open","ping_status":"open","sticky":false,"template":"","format":"standard","meta":{"jetpack_post_was_ever_published":false,"_jetpack_newsletter_access":"","_jetpack_dont_email_post_to_subs":false,"_jetpack_newsletter_tier_id":0,"_jetpack_memberships_contains_paywalled_content":false,"_jetpack_memberships_contains_paid_content":false,"footnotes":"","jetpack_publicize_message":"","jetpack_publicize_feature_enabled":true,"jetpack_social_post_already_shared":true,"jetpack_social_options":{"image_generator_settings":{"template":"highway","default_image_id":0,"font":"","enabled":false},"version":2}},"categories":[54],"tags":[],"class_list":["post-124616","post","type-post","status-publish","format-standard","has-post-thumbnail","hentry","category-yucatan"],"jetpack_publicize_connections":[],"jetpack_featured_media_url":"https:\/\/formalprision.com\/wp-content\/uploads\/2024\/10\/Imagen-de-WhatsApp-2024-10-05-a-las-10.37.47_99526348.jpg","jetpack_sharing_enabled":true,"jetpack_shortlink":"https:\/\/wp.me\/p6id8p-wpW","_links":{"self":[{"href":"https:\/\/formalprision.com\/index.php?rest_route=\/wp\/v2\/posts\/124616","targetHints":{"allow":["GET"]}}],"collection":[{"href":"https:\/\/formalprision.com\/index.php?rest_route=\/wp\/v2\/posts"}],"about":[{"href":"https:\/\/formalprision.com\/index.php?rest_route=\/wp\/v2\/types\/post"}],"author":[{"embeddable":true,"href":"https:\/\/formalprision.com\/index.php?rest_route=\/wp\/v2\/users\/2"}],"replies":[{"embeddable":true,"href":"https:\/\/formalprision.com\/index.php?rest_route=%2Fwp%2Fv2%2Fcomments&post=124616"}],"version-history":[{"count":1,"href":"https:\/\/formalprision.com\/index.php?rest_route=\/wp\/v2\/posts\/124616\/revisions"}],"predecessor-version":[{"id":124617,"href":"https:\/\/formalprision.com\/index.php?rest_route=\/wp\/v2\/posts\/124616\/revisions\/124617"}],"wp:featuredmedia":[{"embeddable":true,"href":"https:\/\/formalprision.com\/index.php?rest_route=\/wp\/v2\/media\/124618"}],"wp:attachment":[{"href":"https:\/\/formalprision.com\/index.php?rest_route=%2Fwp%2Fv2%2Fmedia&parent=124616"}],"wp:term":[{"taxonomy":"category","embeddable":true,"href":"https:\/\/formalprision.com\/index.php?rest_route=%2Fwp%2Fv2%2Fcategories&post=124616"},{"taxonomy":"post_tag","embeddable":true,"href":"https:\/\/formalprision.com\/index.php?rest_route=%2Fwp%2Fv2%2Ftags&post=124616"}],"curies":[{"name":"wp","href":"https:\/\/api.w.org\/{rel}","templated":true}]}}