{"id":124624,"date":"2024-10-06T17:45:48","date_gmt":"2024-10-06T22:45:48","guid":{"rendered":"https:\/\/formalprision.com\/?p=124624"},"modified":"2024-10-07T00:48:31","modified_gmt":"2024-10-07T05:48:31","slug":"la-bici-ruta-regresa-al-barrio-magico-de-la-ermita-para-disfrute-de-las-familias-cecilia-patron","status":"publish","type":"post","link":"https:\/\/formalprision.com\/?p=124624","title":{"rendered":"La Bici-ruta regresa al barrio m\u00e1gico de La Ermita: Cecilia Patr\u00f3n"},"content":{"rendered":"\n<p>M\u00c9RIDA, Yucat\u00e1n.- Para que las familias meridanas tengan m\u00e1s y mejores opciones de esparcimiento y de sana convivencia, la Presidenta Municipal Cecilia Patr\u00f3n Laviada anunci\u00f3 el regreso de \u201cLa Biciruta\u201d hasta el barrio m\u00e1gico de\u201dLa Ermita\u201d.<\/p>\n\n\n\n<p>\u201cLa ciudad es para el disfrute de todas y de todos por lo que trabajaremos a fondo para adecuar espacios y calles para quienes usan la bicicleta para transporte y recreaci\u00f3n, incluso en toda el \u00e1rea metropolitana\u201d.<\/p>\n\n\n\n<p>La Alcaldesa realiz\u00f3 el recorrido en bicicleta desde el Monumento a la Patria hasta la Plaza Grande saludando a meridanos y turistas para escuchar sugerencias de mejora para la ciudad.<\/p>\n\n\n\n<p>Acompa\u00f1ada del director de Bienestar Humano, Jes\u00fas P\u00e9rez Ballote, y del subdirector de deportes, Iv\u00e1n Herrera Rosiles, supervis\u00f3 y agradeci\u00f3 el trabajo de los gu\u00edas de tr\u00e1nsito, as\u00ed como de la gran comunidad de artistas, empresas y grupos organizados que participan en la ruta.<\/p>\n\n\n\n<p>\u201cLa Biciruta\u201d es una pol\u00edtica p\u00fablica exitosa que fomenta la identidad, la convivencia y la uni\u00f3n de las familias meridanas por lo que contar\u00e1 con un impulso permanente.<\/p>\n\n\n\n<p>M\u00c9RIDA EN DOMINGO<\/p>\n\n\n\n<p>En la Plaza Grande, Cecilia Patr\u00f3n visit\u00f3 a los 181 oferentes y artesanos del programa \u201cM\u00e9rida en Domingo\u201d que este fin de semana regresaron en su totalidad con una mejor organizaci\u00f3n.<\/p>\n\n\n\n<p>En el recorrido recibi\u00f3 el agradecimiento de los participantes por la pronta respuesta a su solicitud de ocupar de nuevo el centro de la ciudad, luego de cinco meses de trabajar en el parque de Santa Luc\u00eda por la remodelaci\u00f3n de la plaza.<\/p>\n\n\n\n<p>\u201cC\u00f3mo me he comprometido, mantendremos un di\u00e1logo permanente para ir mejorando las condiciones del programa, pero les pido cumplan con las reglas de operaci\u00f3n que permitan cuidar la Plaza Grande que es de todos\u201d, dijo la Alcaldesa.<\/p>\n\n\n\n<p>Reiter\u00f3 que se realizar\u00e1n las mejoras rumbo al 40 aniversario que celebrar\u00e1n en marzo de 2025 para que luzcan renovados y siga siendo un espacio para incentivar la econom\u00eda local y fortalecer la identidad cultural.<\/p>\n\n\n\n<p>La acompa\u00f1\u00f3 el director de Bienestar Econ\u00f3mico, Mauricio D\u00edaz Montalvo, quien inform\u00f3 que este domingo participaron 130 artesanos, 16 oferentes de alimentos, 33 de frituras y dos de postres.<\/p>\n","protected":false},"excerpt":{"rendered":"<p>M\u00c9RIDA, Yucat\u00e1n.- Para que las familias meridanas tengan m\u00e1s y mejores opciones de esparcimiento y de sana convivencia, la Presidenta Municipal Cecilia Patr\u00f3n Laviada anunci\u00f3 el regreso de \u201cLa Biciruta\u201d<\/p>\n","protected":false},"author":2,"featured_media":124626,"comment_status":"open","ping_status":"open","sticky":false,"template":"","format":"standard","meta":{"jetpack_post_was_ever_published":false,"_jetpack_newsletter_access":"","_jetpack_dont_email_post_to_subs":false,"_jetpack_newsletter_tier_id":0,"_jetpack_memberships_contains_paywalled_content":false,"_jetpack_memberships_contains_paid_content":false,"footnotes":"","jetpack_publicize_message":"","jetpack_publicize_feature_enabled":true,"jetpack_social_post_already_shared":true,"jetpack_social_options":{"image_generator_settings":{"template":"highway","default_image_id":0,"font":"","enabled":false},"version":2}},"categories":[14],"tags":[],"class_list":["post-124624","post","type-post","status-publish","format-standard","has-post-thumbnail","hentry","category-merida"],"jetpack_publicize_connections":[],"jetpack_featured_media_url":"https:\/\/formalprision.com\/wp-content\/uploads\/2024\/10\/WhatsApp-Image-2024-10-06-at-3.01.10-PM.jpeg","jetpack_sharing_enabled":true,"jetpack_shortlink":"https:\/\/wp.me\/p6id8p-wq4","_links":{"self":[{"href":"https:\/\/formalprision.com\/index.php?rest_route=\/wp\/v2\/posts\/124624","targetHints":{"allow":["GET"]}}],"collection":[{"href":"https:\/\/formalprision.com\/index.php?rest_route=\/wp\/v2\/posts"}],"about":[{"href":"https:\/\/formalprision.com\/index.php?rest_route=\/wp\/v2\/types\/post"}],"author":[{"embeddable":true,"href":"https:\/\/formalprision.com\/index.php?rest_route=\/wp\/v2\/users\/2"}],"replies":[{"embeddable":true,"href":"https:\/\/formalprision.com\/index.php?rest_route=%2Fwp%2Fv2%2Fcomments&post=124624"}],"version-history":[{"count":2,"href":"https:\/\/formalprision.com\/index.php?rest_route=\/wp\/v2\/posts\/124624\/revisions"}],"predecessor-version":[{"id":124645,"href":"https:\/\/formalprision.com\/index.php?rest_route=\/wp\/v2\/posts\/124624\/revisions\/124645"}],"wp:featuredmedia":[{"embeddable":true,"href":"https:\/\/formalprision.com\/index.php?rest_route=\/wp\/v2\/media\/124626"}],"wp:attachment":[{"href":"https:\/\/formalprision.com\/index.php?rest_route=%2Fwp%2Fv2%2Fmedia&parent=124624"}],"wp:term":[{"taxonomy":"category","embeddable":true,"href":"https:\/\/formalprision.com\/index.php?rest_route=%2Fwp%2Fv2%2Fcategories&post=124624"},{"taxonomy":"post_tag","embeddable":true,"href":"https:\/\/formalprision.com\/index.php?rest_route=%2Fwp%2Fv2%2Ftags&post=124624"}],"curies":[{"name":"wp","href":"https:\/\/api.w.org\/{rel}","templated":true}]}}