{"id":124638,"date":"2024-10-06T23:58:57","date_gmt":"2024-10-07T04:58:57","guid":{"rendered":"https:\/\/formalprision.com\/?p=124638"},"modified":"2024-10-07T10:40:05","modified_gmt":"2024-10-07T15:40:05","slug":"el-gobernador-joaquin-diaz-mena-disfruta-del-concierto-de-la-osy-por-el-renacimiento-maya","status":"publish","type":"post","link":"https:\/\/formalprision.com\/?p=124638","title":{"rendered":"D\u00edaz Mena presente en el concierto de la OSY por el Renacimiento Maya"},"content":{"rendered":"\n<p>M\u00c9RIDA, Yucat\u00e1n.- El Renacimiento Maya est\u00e1 en curso, y como muestra, este domingo se presentaron la Orquesta Sinf\u00f3nica de Yucat\u00e1n (OSY) y el Ballet Folkl\u00f3rico del Estado \u00abAlfredo Cort\u00e9s Aguilar\u00bb en el anfiteatro del Parque La Plancha, quienes hacen historia por ser la primera vez que comparten un escenario, en un evento p\u00fablico y gratuito.<\/p>\n\n\n\n<p>El Gobernador del Estado, Joaqu\u00edn D\u00edaz Mena disfrut\u00f3 en compa\u00f1\u00eda de su esposa, la maestra Wendy M\u00e9ndez Naal, y de sus hijos Joaqu\u00edn y Juli\u00e1n, el concierto que anunci\u00f3 en d\u00edas pasados, y que cont\u00f3 con una asistencia superior a las 4,500 personas, quienes pudieron apreciar las piezas musicales y danza, como parte de las acciones del Renacimiento Maya con que se celebran las ra\u00edces culturales de nuestra entidad.<\/p>\n\n\n\n<p>Cabe recordar que el Renacimiento Maya es el proyecto que impulsa el Gobierno de D\u00edaz Mena donde se incluyen importantes obras como la modernizaci\u00f3n del Puerto de Altura de Progreso, el ramal del Tren Maya hacia el mismo municipio costero, Parques Industriales con gas natural, el Anillo Metropolitano de la ciudad de M\u00e9rida, adem\u00e1s de mejorar los perfiles educativos de las universidades, el acceso al deporte y eventos culturales y resaltar el orgullo por la herencia Maya.<\/p>\n\n\n\n<p>El Gobernador subray\u00f3 que el Renacimiento Maya incluye tambi\u00e9n acciones y programas para el desarrollo cultural y art\u00edstico de las y los yucatecos y recalc\u00f3 que, con esa idea, muy pronto se pondr\u00e1n en marcha los Centros Renacimiento, donde las ni\u00f1as, los ni\u00f1os y los j\u00f3venes podr\u00e1n recibir clases de m\u00fasica, de pintura y de otras materias relacionadas con esas \u00e1reas.<\/p>\n\n\n\n<p>El espect\u00e1culo estuvo compuesto por piezas musicales y de danza tradicionales de la entidad donde el director art\u00edstico, maestro Jos\u00e9 Are\u00e1n, y la OSY deleitaron al p\u00fablico con el repertorio nacionalista preparado con el t\u00edtulo \u201cDel Destino al Ideal\u201d, donde brill\u00f3 la obra denominada Tribu, del maestro yucateco Daniel Ayala, y la de los grandes compositores Manuel Esper\u00f3n, Carlos Ch\u00e1vez, Blas Galindo, Arturo M\u00e1rquez, Ricardo Palmer\u00edn, Gustavo R\u00edo Escalante y Jos\u00e9 Pablo Moncayo.<\/p>\n\n\n\n<p>Por parte del Ballet Folkl\u00f3rico del Estado \u00abAlfredo Cort\u00e9s Aguilar\u00bb, el repertorio incluy\u00f3, entre otras, las piezas La Angaripola, Los Aires Yucatecos, La Mestiza, La Fiesta del Pueblo y Las Dianas.<\/p>\n\n\n\n<p>Acompa\u00f1aron al Gobernador la titular de la Secretar\u00eda de la Cultura y las Artes (Sedeculta), Patricia Mart\u00edn Brice\u00f1o; Jos\u00e9 Arnulfo Escamilla Novelo, Administrador del Parque La Plancha; el delegado de los Programas para el Bienestar, Rogerio Castro V\u00e1zquez; el senador y vicepresidente de la Mesa Directiva del Senado de la Rep\u00fablica, Jorge Carlos Ram\u00edrez Mar\u00edn; la directora de Identidad y Cultura del Ayuntamiento de M\u00e9rida, Karla Berr\u00f3n C\u00e1mara en representaci\u00f3n de la alcaldesa; el Coronel Fuerza A\u00e9rea Abastecedor de Material A\u00e9reo Diplomado de Estado Mayor Cor. Faama.Dema; la magistrada y presidenta del Tribunal Superior de Justicia y del Consejo de la Judicatura del Poder Judicial del Estado, Mar\u00eda Carolina Canto Vald\u00e9s; y la artista yucateca Mar\u00eda San Felipe, entre otros.<\/p>\n","protected":false},"excerpt":{"rendered":"<p>M\u00c9RIDA, Yucat\u00e1n.- El Renacimiento Maya est\u00e1 en curso, y como muestra, este domingo se presentaron la Orquesta Sinf\u00f3nica de Yucat\u00e1n (OSY) y el Ballet Folkl\u00f3rico del Estado \u00abAlfredo Cort\u00e9s Aguilar\u00bb<\/p>\n","protected":false},"author":2,"featured_media":124640,"comment_status":"open","ping_status":"open","sticky":false,"template":"","format":"standard","meta":{"jetpack_post_was_ever_published":false,"_jetpack_newsletter_access":"","_jetpack_dont_email_post_to_subs":false,"_jetpack_newsletter_tier_id":0,"_jetpack_memberships_contains_paywalled_content":false,"_jetpack_memberships_contains_paid_content":false,"footnotes":"","jetpack_publicize_message":"","jetpack_publicize_feature_enabled":true,"jetpack_social_post_already_shared":true,"jetpack_social_options":{"image_generator_settings":{"template":"highway","default_image_id":0,"font":"","enabled":false},"version":2}},"categories":[14,17],"tags":[],"class_list":["post-124638","post","type-post","status-publish","format-standard","has-post-thumbnail","hentry","category-merida","category-politica-y-gobierno"],"jetpack_publicize_connections":[],"jetpack_featured_media_url":"https:\/\/formalprision.com\/wp-content\/uploads\/2024\/10\/WhatsApp-Image-2024-10-06-at-10.33.36-PM2.jpeg","jetpack_sharing_enabled":true,"jetpack_shortlink":"https:\/\/wp.me\/p6id8p-wqi","_links":{"self":[{"href":"https:\/\/formalprision.com\/index.php?rest_route=\/wp\/v2\/posts\/124638","targetHints":{"allow":["GET"]}}],"collection":[{"href":"https:\/\/formalprision.com\/index.php?rest_route=\/wp\/v2\/posts"}],"about":[{"href":"https:\/\/formalprision.com\/index.php?rest_route=\/wp\/v2\/types\/post"}],"author":[{"embeddable":true,"href":"https:\/\/formalprision.com\/index.php?rest_route=\/wp\/v2\/users\/2"}],"replies":[{"embeddable":true,"href":"https:\/\/formalprision.com\/index.php?rest_route=%2Fwp%2Fv2%2Fcomments&post=124638"}],"version-history":[{"count":2,"href":"https:\/\/formalprision.com\/index.php?rest_route=\/wp\/v2\/posts\/124638\/revisions"}],"predecessor-version":[{"id":124641,"href":"https:\/\/formalprision.com\/index.php?rest_route=\/wp\/v2\/posts\/124638\/revisions\/124641"}],"wp:featuredmedia":[{"embeddable":true,"href":"https:\/\/formalprision.com\/index.php?rest_route=\/wp\/v2\/media\/124640"}],"wp:attachment":[{"href":"https:\/\/formalprision.com\/index.php?rest_route=%2Fwp%2Fv2%2Fmedia&parent=124638"}],"wp:term":[{"taxonomy":"category","embeddable":true,"href":"https:\/\/formalprision.com\/index.php?rest_route=%2Fwp%2Fv2%2Fcategories&post=124638"},{"taxonomy":"post_tag","embeddable":true,"href":"https:\/\/formalprision.com\/index.php?rest_route=%2Fwp%2Fv2%2Ftags&post=124638"}],"curies":[{"name":"wp","href":"https:\/\/api.w.org\/{rel}","templated":true}]}}