{"id":124662,"date":"2024-10-07T19:32:49","date_gmt":"2024-10-08T00:32:49","guid":{"rendered":"https:\/\/formalprision.com\/?p=124662"},"modified":"2024-10-07T22:37:44","modified_gmt":"2024-10-08T03:37:44","slug":"el-ayuntamiento-de-merida-esta-preparado-para-atender-a-las-familias-ante-el-huracan-milton","status":"publish","type":"post","link":"https:\/\/formalprision.com\/?p=124662","title":{"rendered":"El Ayuntamiento est\u00e1 preparado para atender a las familias ante el hurac\u00e1n Milton"},"content":{"rendered":"\n<p>M\u00c9RIDA, Yucat\u00e1n.- A la una de la tarde, la Presidenta Municipal de M\u00e9rida, Cecilia Patr\u00f3n Laviada, declar\u00f3 instalado en sesi\u00f3n permanente el Consejo Municipal de Protecci\u00f3n Civil, para dar seguimiento a las acciones preventivas ante el acercamiento del Hurac\u00e1n \u201cMilton\u201d, con el fin de coordinar acciones para la salvaguarda de las familias meridanas.<\/p>\n\n\n\n<p>A las 15:00 de la tarde, el Hurac\u00e1n Milton categor\u00eda 5 se localiz\u00f3 a 150 km al noroeste del municipio de M\u00e9rida, se traslada al este a 17 km\/h con vientos de 285 km\/h y rachas de 350 km\/h. Se espera que mantenga en la categor\u00eda 5.<\/p>\n\n\n\n<p>Debido a su circulaci\u00f3n, se esperan rachas de viento de 130 a 140 km\/h por la tarde y noche, hasta la madrugada de ma\u00f1ana martes 8 de octubre principalmente en la zona norte del municipio. Tambi\u00e9n se espera lluvia de intensidad moderada a fuerte sobre el municipio de M\u00e9rida<\/p>\n\n\n\n<p>La alcaldesa de M\u00e9rida supervis\u00f3 la instalaci\u00f3n de refugios temporales principalmente en las comisar\u00edas del norte como Kikteil, Suytunch\u00e9n, Sierra Papacal y Dzidzilch\u00e9 entre otras que sentir\u00e1n con m\u00e1s intensidad los efectos del hurac\u00e1n.<\/p>\n\n\n\n<figure class=\"wp-block-image size-full\"><a href=\"http:\/\/formalprision.com\/wp-content\/uploads\/2024\/10\/WhatsApp-Image-2024-10-07-at-6.08.52-PM.jpeg\"><img loading=\"lazy\" decoding=\"async\" width=\"900\" height=\"600\" src=\"http:\/\/formalprision.com\/wp-content\/uploads\/2024\/10\/WhatsApp-Image-2024-10-07-at-6.08.52-PM.jpeg\" alt=\"\" class=\"wp-image-124664\" srcset=\"https:\/\/formalprision.com\/wp-content\/uploads\/2024\/10\/WhatsApp-Image-2024-10-07-at-6.08.52-PM.jpeg 900w, https:\/\/formalprision.com\/wp-content\/uploads\/2024\/10\/WhatsApp-Image-2024-10-07-at-6.08.52-PM-300x200.jpeg 300w, https:\/\/formalprision.com\/wp-content\/uploads\/2024\/10\/WhatsApp-Image-2024-10-07-at-6.08.52-PM-768x512.jpeg 768w\" sizes=\"auto, (max-width: 900px) 100vw, 900px\" \/><\/a><\/figure>\n\n\n\n<p>Se ha informado que ya est\u00e1n instalados los 64 refugios en toda la ciudad adecuando colchonetas y abastecimiento de agua y v\u00edveres necesarios para la atenci\u00f3n de las y los meridanos.<\/p>\n\n\n\n<p>As\u00ed acudi\u00f3 al Espacio de Alimentaci\u00f3n, Encuentro y Desarrollo en Nuevo San Jos\u00e9 Tecoh Sur II conocido como La Mielera y en el k\u00ednder \u201cKuilmac Yol chan Pal\u201d de Dzununc\u00e1n<\/p>\n\n\n\n<p>Tambi\u00e9n realiz\u00f3 un rond\u00edn por el Centro Hist\u00f3rico detectando situaciones de riesgo como basura y estructuras en la v\u00eda p\u00fablica que la Polic\u00eda Municipal atendi\u00f3 de inmediato en coordinaci\u00f3n con las unidades administrativas correspondientes.<\/p>\n\n\n\n<p>De igual forma se informa que los trabajos y servicios operativos del Ayuntamiento de M\u00e9rida se han reforzado ante el incremento de lluvias que se sentir\u00e1n en la capital yucateca, adem\u00e1s de intensificar las laborales de mantenimiento y desazolve de los sistemas pluviales, poda de \u00e1rboles en espacios p\u00fablicos, principalmente de calles y avenidas, para proteger y cuidar a la poblaci\u00f3n.<\/p>\n\n\n\n<p>Por parte de la Direcci\u00f3n de Desarrollo Urbano se ha desplegado un operativo para el retiro de espectaculares o de promoci\u00f3n que pudiesen ocasionar alg\u00fan incidente.<\/p>\n\n\n\n<p>Como parte del plan de acci\u00f3n que se se llevar\u00e1 a cabo tras el paso del cicl\u00f3n tropical, el Ayuntamiento desplegara alrededor de 150 brigadas de empleados municipales, que recorrer\u00e1n toda la ciudad y sus comisar\u00edas para la atenci\u00f3n de reportes y solicitud de servicios municipales que se requieran.<\/p>\n\n\n\n<p>Mientras tanto la Alcaldesa de M\u00e9rida ha realizado un llamado a la poblaci\u00f3n para seguir las indicaciones dictadas por el Gobierno del Estado para la suspensi\u00f3n de labores no esenciales, reforzando la coordinaci\u00f3n para mantener seguras a las familias meridanas.<\/p>\n","protected":false},"excerpt":{"rendered":"<p>M\u00c9RIDA, Yucat\u00e1n.- A la una de la tarde, la Presidenta Municipal de M\u00e9rida, Cecilia Patr\u00f3n Laviada, declar\u00f3 instalado en sesi\u00f3n permanente el Consejo Municipal de Protecci\u00f3n Civil, para dar seguimiento<\/p>\n","protected":false},"author":2,"featured_media":124665,"comment_status":"open","ping_status":"open","sticky":false,"template":"","format":"standard","meta":{"jetpack_post_was_ever_published":false,"_jetpack_newsletter_access":"","_jetpack_dont_email_post_to_subs":false,"_jetpack_newsletter_tier_id":0,"_jetpack_memberships_contains_paywalled_content":false,"_jetpack_memberships_contains_paid_content":false,"footnotes":"","jetpack_publicize_message":"","jetpack_publicize_feature_enabled":true,"jetpack_social_post_already_shared":true,"jetpack_social_options":{"image_generator_settings":{"template":"highway","default_image_id":0,"font":"","enabled":false},"version":2}},"categories":[14],"tags":[],"class_list":["post-124662","post","type-post","status-publish","format-standard","has-post-thumbnail","hentry","category-merida"],"jetpack_publicize_connections":[],"jetpack_featured_media_url":"https:\/\/formalprision.com\/wp-content\/uploads\/2024\/10\/WhatsApp-Image-2024-10-07-at-6.08.53-PM.jpeg","jetpack_sharing_enabled":true,"jetpack_shortlink":"https:\/\/wp.me\/p6id8p-wqG","_links":{"self":[{"href":"https:\/\/formalprision.com\/index.php?rest_route=\/wp\/v2\/posts\/124662","targetHints":{"allow":["GET"]}}],"collection":[{"href":"https:\/\/formalprision.com\/index.php?rest_route=\/wp\/v2\/posts"}],"about":[{"href":"https:\/\/formalprision.com\/index.php?rest_route=\/wp\/v2\/types\/post"}],"author":[{"embeddable":true,"href":"https:\/\/formalprision.com\/index.php?rest_route=\/wp\/v2\/users\/2"}],"replies":[{"embeddable":true,"href":"https:\/\/formalprision.com\/index.php?rest_route=%2Fwp%2Fv2%2Fcomments&post=124662"}],"version-history":[{"count":3,"href":"https:\/\/formalprision.com\/index.php?rest_route=\/wp\/v2\/posts\/124662\/revisions"}],"predecessor-version":[{"id":124681,"href":"https:\/\/formalprision.com\/index.php?rest_route=\/wp\/v2\/posts\/124662\/revisions\/124681"}],"wp:featuredmedia":[{"embeddable":true,"href":"https:\/\/formalprision.com\/index.php?rest_route=\/wp\/v2\/media\/124665"}],"wp:attachment":[{"href":"https:\/\/formalprision.com\/index.php?rest_route=%2Fwp%2Fv2%2Fmedia&parent=124662"}],"wp:term":[{"taxonomy":"category","embeddable":true,"href":"https:\/\/formalprision.com\/index.php?rest_route=%2Fwp%2Fv2%2Fcategories&post=124662"},{"taxonomy":"post_tag","embeddable":true,"href":"https:\/\/formalprision.com\/index.php?rest_route=%2Fwp%2Fv2%2Ftags&post=124662"}],"curies":[{"name":"wp","href":"https:\/\/api.w.org\/{rel}","templated":true}]}}