{"id":124783,"date":"2024-10-10T20:12:00","date_gmt":"2024-10-11T01:12:00","guid":{"rendered":"https:\/\/formalprision.com\/?p=124783"},"modified":"2024-10-11T23:31:03","modified_gmt":"2024-10-12T04:31:03","slug":"tiene-67-anos-y-abuso-de-una-nina-de-ocho-ya-fue-detenido","status":"publish","type":"post","link":"https:\/\/formalprision.com\/?p=124783","title":{"rendered":"Tiene 67 a\u00f1os y abus\u00f3 de una ni\u00f1a de ocho. Ya fue detenido"},"content":{"rendered":"\n<p>Cosme Dami\u00e1n F. L., de 67 a\u00f1os, fue detenido hoy en Tizim\u00edn por agentes de la Secretar\u00eda de Seguridad P\u00fablica (SSP) adscritos a la Polic\u00eda Estatal de Investigaci\u00f3n (PEI), en coordinaci\u00f3n con la Fiscal\u00eda General del Estado (FGE).<\/p>\n\n\n\n<p>Se le acusa del delito violaci\u00f3n equiparada, en contra de una menor que cuando sufri\u00f3 los abusos ten\u00eda ocho a\u00f1os de edad, en el a\u00f1o 2017.<\/p>\n\n\n\n<p>La denuncia fue presentada por la madre de la ni\u00f1a. En las investigaciones los agentes de la PEI y ministeriales obtuvieron pruebas en las que se sustenta la probable culpabilidad del sujeto.<\/p>\n\n\n\n<p>La detenci\u00f3n de Cosme Dami\u00e1n F. L. se llev\u00f3 a cabo hoy en la colonia Comich\u00e9n del municipio de Tizim\u00edn, tras lo cual se le traslad\u00f3 a Valladolid para que quedara a disposici\u00f3n del juez de control.<\/p>\n","protected":false},"excerpt":{"rendered":"<p>Cosme Dami\u00e1n F. L., de 67 a\u00f1os, fue detenido hoy en Tizim\u00edn por agentes de la Secretar\u00eda de Seguridad P\u00fablica (SSP) adscritos a la Polic\u00eda Estatal de Investigaci\u00f3n (PEI), en<\/p>\n","protected":false},"author":1,"featured_media":124784,"comment_status":"open","ping_status":"open","sticky":false,"template":"","format":"standard","meta":{"jetpack_post_was_ever_published":false,"_jetpack_newsletter_access":"","_jetpack_dont_email_post_to_subs":false,"_jetpack_newsletter_tier_id":0,"_jetpack_memberships_contains_paywalled_content":false,"_jetpack_memberships_contains_paid_content":false,"footnotes":"","jetpack_publicize_message":"","jetpack_publicize_feature_enabled":true,"jetpack_social_post_already_shared":true,"jetpack_social_options":{"image_generator_settings":{"template":"highway","default_image_id":0,"font":"","enabled":false},"version":2}},"categories":[55,54],"tags":[],"class_list":["post-124783","post","type-post","status-publish","format-standard","has-post-thumbnail","hentry","category-violines","category-yucatan"],"jetpack_publicize_connections":[],"jetpack_featured_media_url":"https:\/\/formalprision.com\/wp-content\/uploads\/2024\/10\/FB_IMG_1728608953372.jpg","jetpack_sharing_enabled":true,"jetpack_shortlink":"https:\/\/wp.me\/p6id8p-wsD","_links":{"self":[{"href":"https:\/\/formalprision.com\/index.php?rest_route=\/wp\/v2\/posts\/124783","targetHints":{"allow":["GET"]}}],"collection":[{"href":"https:\/\/formalprision.com\/index.php?rest_route=\/wp\/v2\/posts"}],"about":[{"href":"https:\/\/formalprision.com\/index.php?rest_route=\/wp\/v2\/types\/post"}],"author":[{"embeddable":true,"href":"https:\/\/formalprision.com\/index.php?rest_route=\/wp\/v2\/users\/1"}],"replies":[{"embeddable":true,"href":"https:\/\/formalprision.com\/index.php?rest_route=%2Fwp%2Fv2%2Fcomments&post=124783"}],"version-history":[{"count":1,"href":"https:\/\/formalprision.com\/index.php?rest_route=\/wp\/v2\/posts\/124783\/revisions"}],"predecessor-version":[{"id":124785,"href":"https:\/\/formalprision.com\/index.php?rest_route=\/wp\/v2\/posts\/124783\/revisions\/124785"}],"wp:featuredmedia":[{"embeddable":true,"href":"https:\/\/formalprision.com\/index.php?rest_route=\/wp\/v2\/media\/124784"}],"wp:attachment":[{"href":"https:\/\/formalprision.com\/index.php?rest_route=%2Fwp%2Fv2%2Fmedia&parent=124783"}],"wp:term":[{"taxonomy":"category","embeddable":true,"href":"https:\/\/formalprision.com\/index.php?rest_route=%2Fwp%2Fv2%2Fcategories&post=124783"},{"taxonomy":"post_tag","embeddable":true,"href":"https:\/\/formalprision.com\/index.php?rest_route=%2Fwp%2Fv2%2Ftags&post=124783"}],"curies":[{"name":"wp","href":"https:\/\/api.w.org\/{rel}","templated":true}]}}