{"id":124786,"date":"2024-10-11T01:32:41","date_gmt":"2024-10-11T06:32:41","guid":{"rendered":"https:\/\/formalprision.com\/?p=124786"},"modified":"2024-10-11T23:30:54","modified_gmt":"2024-10-12T04:30:54","slug":"avanza-la-atencion-a-las-familias-afectadas-por-el-huracan-milton","status":"publish","type":"post","link":"https:\/\/formalprision.com\/?p=124786","title":{"rendered":"Avanza la atenci\u00f3n a las familias afectadas por el hurac\u00e1n \u00abMilton\u00bb"},"content":{"rendered":"\n<p>Dzilam de Bravo, Yucat\u00e1n, 10 de octubre de 2024.- Familias de Dzilam de Bravo, Santa Clara, Chabihau, San Crisanto y Telchac Puerto, recibieron el respaldo del Gobernador del Estado, Joaqu\u00edn D\u00edaz Mena, quien encabeza las labores de entrega de apoyos a las familias de la zona costera. Casa por casa y sin distinci\u00f3n de ning\u00fan tipo, se est\u00e1 distribuyendo la ayuda ante las afectaciones que dej\u00f3 a su paso el hurac\u00e1n \u00abMilton\u00bb.<br>\u00a0<br>Acompa\u00f1ado de la presidenta del Sistema para el Desarrollo Integral de la Familia (DIF) Yucat\u00e1n, la maestra Wendy M\u00e9ndez Naal, el Gobernador continu\u00f3 con su recorrido por los puertos afectados, donde se est\u00e1 haciendo llegar las m\u00e1s de 28 mil despensas que se est\u00e1n destinando para apoyar a la gente de localidades de la zona costera.\u00a0<br>\u00a0<br>En su mensaje, D\u00edaz Mena se\u00f1al\u00f3 que est\u00e1 recorriendo toda la costa yucateca para llevar apoyos y decirle a la gente que no est\u00e1 sola, que tienen en \u00e9l a un Gobernador que estar\u00e1 pendiente en todo momento; \u00abas\u00ed trabajaremos los pr\u00f3ximos 6 a\u00f1os, recorriendo el estado, estando siempre en el territorio y cerca de la gente\u00bb, apunt\u00f3.\u00a0<br>\u00a0<br>Por su parte, la directora del DIF Yucat\u00e1n, Shirley Castillo S\u00e1nchez, detall\u00f3 que las despensas est\u00e1n siendo llevadas hasta la puerta de los hogares de la costa yucateca, con el apoyo de equipos conformados por colaboradores y voluntarios.<br>\u00a0<br>Acompa\u00f1an al Gobernador, los alcaldes de Dzilam de Bravo, Ger\u00f3nimo Medina Trejo; de Dzidzant\u00fan, \u00c1ngel Rodolfo Guerrero Vivas; de Yoba\u00edn, Jes\u00fas Alberto Cool Ak\u00e9; de Sinanch\u00e9, Abril Palma Bacelis; y de Telchac Puerto, Alfonso N\u00fa\u00f1ez Erguera.<br>\u00a0<br>Asimismo, el representante de la D\u00e9cima Tercera Zona Naval, contraalmirante Valdemar Gonz\u00e1lez; el director de Protecci\u00f3n Civil, Hern\u00e1n Hern\u00e1ndez Rodr\u00edguez; y las diputadas locales Maribel Chuc Ayala y Estefan\u00eda Baeza Mart\u00ednez.<\/p>\n","protected":false},"excerpt":{"rendered":"<p>Dzilam de Bravo, Yucat\u00e1n, 10 de octubre de 2024.- Familias de Dzilam de Bravo, Santa Clara, Chabihau, San Crisanto y Telchac Puerto, recibieron el respaldo del Gobernador del Estado, Joaqu\u00edn<\/p>\n","protected":false},"author":1,"featured_media":124787,"comment_status":"open","ping_status":"open","sticky":false,"template":"","format":"standard","meta":{"jetpack_post_was_ever_published":false,"_jetpack_newsletter_access":"","_jetpack_dont_email_post_to_subs":false,"_jetpack_newsletter_tier_id":0,"_jetpack_memberships_contains_paywalled_content":false,"_jetpack_memberships_contains_paid_content":false,"footnotes":"","jetpack_publicize_message":"","jetpack_publicize_feature_enabled":true,"jetpack_social_post_already_shared":true,"jetpack_social_options":{"image_generator_settings":{"template":"highway","default_image_id":0,"font":"","enabled":false},"version":2}},"categories":[54],"tags":[],"class_list":["post-124786","post","type-post","status-publish","format-standard","has-post-thumbnail","hentry","category-yucatan"],"jetpack_publicize_connections":[],"jetpack_featured_media_url":"https:\/\/formalprision.com\/wp-content\/uploads\/2024\/10\/FB_IMG_1728627972762.jpg","jetpack_sharing_enabled":true,"jetpack_shortlink":"https:\/\/wp.me\/p6id8p-wsG","_links":{"self":[{"href":"https:\/\/formalprision.com\/index.php?rest_route=\/wp\/v2\/posts\/124786","targetHints":{"allow":["GET"]}}],"collection":[{"href":"https:\/\/formalprision.com\/index.php?rest_route=\/wp\/v2\/posts"}],"about":[{"href":"https:\/\/formalprision.com\/index.php?rest_route=\/wp\/v2\/types\/post"}],"author":[{"embeddable":true,"href":"https:\/\/formalprision.com\/index.php?rest_route=\/wp\/v2\/users\/1"}],"replies":[{"embeddable":true,"href":"https:\/\/formalprision.com\/index.php?rest_route=%2Fwp%2Fv2%2Fcomments&post=124786"}],"version-history":[{"count":1,"href":"https:\/\/formalprision.com\/index.php?rest_route=\/wp\/v2\/posts\/124786\/revisions"}],"predecessor-version":[{"id":124788,"href":"https:\/\/formalprision.com\/index.php?rest_route=\/wp\/v2\/posts\/124786\/revisions\/124788"}],"wp:featuredmedia":[{"embeddable":true,"href":"https:\/\/formalprision.com\/index.php?rest_route=\/wp\/v2\/media\/124787"}],"wp:attachment":[{"href":"https:\/\/formalprision.com\/index.php?rest_route=%2Fwp%2Fv2%2Fmedia&parent=124786"}],"wp:term":[{"taxonomy":"category","embeddable":true,"href":"https:\/\/formalprision.com\/index.php?rest_route=%2Fwp%2Fv2%2Fcategories&post=124786"},{"taxonomy":"post_tag","embeddable":true,"href":"https:\/\/formalprision.com\/index.php?rest_route=%2Fwp%2Fv2%2Ftags&post=124786"}],"curies":[{"name":"wp","href":"https:\/\/api.w.org\/{rel}","templated":true}]}}