{"id":125345,"date":"2024-10-29T08:09:06","date_gmt":"2024-10-29T13:09:06","guid":{"rendered":"https:\/\/formalprision.com\/?p=125345"},"modified":"2024-10-29T09:47:22","modified_gmt":"2024-10-29T14:47:22","slug":"rodrigo-de-la-cadena-recibe-la-medalla-enrique-galaz","status":"publish","type":"post","link":"https:\/\/formalprision.com\/?p=125345","title":{"rendered":"Rodrigo de la Cadena recibe la medalla &#8216;Enrique Galaz&#8217;"},"content":{"rendered":"\n<p>M\u00c9RIDA, Yucat\u00e1n.- La instauraci\u00f3n del Premio Nacional Enrique Galaz, distinci\u00f3n impulsada por el compositor, investigador y maestro, Luis P\u00e9rez Sabido y cuyo primer recipiendario es el autor, promotor e int\u00e9rprete del bolero mexicano Rodrigo de la Cadena, enmarc\u00f3 el festejo por los 75 a\u00f1os de existencia de la Sociedad Art\u00edstica \u00abRicardo Palmer\u00edn\u00bb, propiciando una velada de romanticismo y an\u00e9cdotas en torno a la fundaci\u00f3n de la citada agrupaci\u00f3n.<\/p>\n\n\n\n<p>En el marco del Oto\u00f1o Cultural 2024, organizado por la Secretar\u00eda de la Cultura y las Artes (Sedeculta), se llev\u00f3 a cabo la imposici\u00f3n de la presea que lleva el nombre del creador del primer bolero mexicano, titulado \u201cMadrigal\u201d al destacado artista Rodrigo de la Cadena por su labor creativa y compromiso en la promoci\u00f3n y difusi\u00f3n de ese g\u00e9nero musical, evento que tuvo lugar en la sala de conciertos del Palacio de la M\u00fasica, Centro Nacional de la M\u00fasica Mexicana.<\/p>\n\n\n\n<p>Durante su mensaje la titular de la Sedeculta, Patricia Mart\u00edn Brice\u00f1o, destac\u00f3 el trabajo de la Sociedad \u00abRicardo Palmer\u00edn\u00bb como guardiana de nuestra trova yucateca y referente para la m\u00fasica tradicional de M\u00e9xico. De igual forma reconoci\u00f3 el aporte en el panorama musical y de investigaci\u00f3n del maestro Rodrigo de la Cadena y subray\u00f3 la importancia de involucrar a las juventudes en esa tarea de preservar la trova y el bolero para que sean portadoras de estas tradiciones.<\/p>\n\n\n\n<p>Con el acompa\u00f1amiento de la Orquesta T\u00edpica Yukalpet\u00e9n (OTY), bajo la batuta del maestro Pedro Carlos Herrera L\u00f3pez, el recipiendario deleit\u00f3, con su estilo y voz, al p\u00fablico con las canciones \u201cLa fuente\u201d de Pastor Cervera, \u201cQuisiera ser golondrina\u201d de Wello Rivas, \u201cAma\u201d de Luis Demetrio, \u201cYo s\u00e9 que volver\u00e1s\u201d de Luis P\u00e9rez Sabido y Armando Manzanero, la cual interpret\u00f3 a dueto con Alfonso Alquicira, vocalista de la Big Band Jazz de M\u00e9xico; el repertorio continu\u00f3 con \u00abNo\u00bb, tambi\u00e9n de Armando Manzanero y cuya interpretaci\u00f3n motiv\u00f3 una ovaci\u00f3n de pie.<\/p>\n\n\n\n<p>La noche inici\u00f3 con una obertura que present\u00f3 un recorrido por los distintos g\u00e9neros de la trova tradicional a cargo de la OTY, mientras que sus solistas dieron vida a las melod\u00edas \u201cDos palmas cubanas\u201d, Emma Isabel; \u201cGota a gota\u201d, Jes\u00fas Armando; as\u00ed como \u201cDespedida\u201d y \u201cPeregrina\u201d, por Javier Alcal\u00e1, mientras que los trovadores de la t\u00edpica, Francisco Esquivel y Rodolfo Santos cantaron a dueto \u201cUn rayito de sol\u201d y la orquesta \u201cManos de armi\u00f1o\u201d y \u201cGuitarrita yucateca\u201d.<\/p>\n\n\n\n<p>Por su parte, las cantantes invitadas Aeda Fernanda, Julia Arcudia, Malena Carde\u00f1a y Mar\u00eda Teresa, hicieron lo propio con las canciones \u201cLa mestiza\u201d, \u201cFlor de Azahar\u201d, \u201cTe amar\u00e9 toda la vida\u201d y \u201cPiel de barro\u201d, respectivamente.<\/p>\n\n\n\n<p>La Sociedad Art\u00edstica \u201cRicardo Palmer\u00edn\u201d fue fundada el 31 de octubre de 1949 con la finalidad de preservar y divulgar la trova yucateca, e incentivar la creaci\u00f3n de nuevos temas en los g\u00e9neros de la m\u00fasica vern\u00e1cula, adem\u00e1s de erigir un mausoleo para los compositores y poetas m\u00e1s destacados de la canci\u00f3n popular de Yucat\u00e1n.<\/p>\n","protected":false},"excerpt":{"rendered":"<p>M\u00c9RIDA, Yucat\u00e1n.- La instauraci\u00f3n del Premio Nacional Enrique Galaz, distinci\u00f3n impulsada por el compositor, investigador y maestro, Luis P\u00e9rez Sabido y cuyo primer recipiendario es el autor, promotor e int\u00e9rprete<\/p>\n","protected":false},"author":2,"featured_media":125347,"comment_status":"open","ping_status":"open","sticky":false,"template":"","format":"standard","meta":{"jetpack_post_was_ever_published":false,"_jetpack_newsletter_access":"","_jetpack_dont_email_post_to_subs":false,"_jetpack_newsletter_tier_id":0,"_jetpack_memberships_contains_paywalled_content":false,"_jetpack_memberships_contains_paid_content":false,"footnotes":"","jetpack_publicize_message":"","jetpack_publicize_feature_enabled":true,"jetpack_social_post_already_shared":true,"jetpack_social_options":{"image_generator_settings":{"template":"highway","default_image_id":0,"font":"","enabled":false},"version":2}},"categories":[14],"tags":[],"class_list":["post-125345","post","type-post","status-publish","format-standard","has-post-thumbnail","hentry","category-merida"],"jetpack_publicize_connections":[],"jetpack_featured_media_url":"https:\/\/formalprision.com\/wp-content\/uploads\/2024\/10\/ANIV-75-PALMERIN-14.jpg","jetpack_sharing_enabled":true,"jetpack_shortlink":"https:\/\/wp.me\/p6id8p-wBH","_links":{"self":[{"href":"https:\/\/formalprision.com\/index.php?rest_route=\/wp\/v2\/posts\/125345","targetHints":{"allow":["GET"]}}],"collection":[{"href":"https:\/\/formalprision.com\/index.php?rest_route=\/wp\/v2\/posts"}],"about":[{"href":"https:\/\/formalprision.com\/index.php?rest_route=\/wp\/v2\/types\/post"}],"author":[{"embeddable":true,"href":"https:\/\/formalprision.com\/index.php?rest_route=\/wp\/v2\/users\/2"}],"replies":[{"embeddable":true,"href":"https:\/\/formalprision.com\/index.php?rest_route=%2Fwp%2Fv2%2Fcomments&post=125345"}],"version-history":[{"count":1,"href":"https:\/\/formalprision.com\/index.php?rest_route=\/wp\/v2\/posts\/125345\/revisions"}],"predecessor-version":[{"id":125346,"href":"https:\/\/formalprision.com\/index.php?rest_route=\/wp\/v2\/posts\/125345\/revisions\/125346"}],"wp:featuredmedia":[{"embeddable":true,"href":"https:\/\/formalprision.com\/index.php?rest_route=\/wp\/v2\/media\/125347"}],"wp:attachment":[{"href":"https:\/\/formalprision.com\/index.php?rest_route=%2Fwp%2Fv2%2Fmedia&parent=125345"}],"wp:term":[{"taxonomy":"category","embeddable":true,"href":"https:\/\/formalprision.com\/index.php?rest_route=%2Fwp%2Fv2%2Fcategories&post=125345"},{"taxonomy":"post_tag","embeddable":true,"href":"https:\/\/formalprision.com\/index.php?rest_route=%2Fwp%2Fv2%2Ftags&post=125345"}],"curies":[{"name":"wp","href":"https:\/\/api.w.org\/{rel}","templated":true}]}}