{"id":125360,"date":"2024-10-29T19:26:57","date_gmt":"2024-10-30T00:26:57","guid":{"rendered":"https:\/\/formalprision.com\/?p=125360"},"modified":"2024-10-31T00:47:31","modified_gmt":"2024-10-31T05:47:31","slug":"localizan-en-veracruz-a-un-adolescente-con-alerta-amber-en-yucatan","status":"publish","type":"post","link":"https:\/\/formalprision.com\/?p=125360","title":{"rendered":"Localizan en Veracruz a un adolescente con Alerta Amber en Yucat\u00e1n"},"content":{"rendered":"\n<p>M\u00c9RIDA, Yucat\u00e1n.- Un menor de 15 a\u00f1os de edad reportado como desaparecido en M\u00e9rida, fue localizado en Xalapa, Veracruz, como resultado de un trabajo conjunto entre autoridades de ambos estados.<\/p>\n\n\n\n<p>Por el reporte de la desaparici\u00f3n del menor S. A. G. S., de 15 a\u00f1os, se emiti\u00f3 una Alerta Amber que ya fue desactivada, una vez que la Polic\u00eda Estatal de Investigaci\u00f3n (PEI) de la Secretar\u00eda de Seguridad P\u00fablica (SSP) y la Fiscal\u00eda General del Estado (FGE), recibieron al adolescente de sus hom\u00f3logos veracruzanos.<\/p>\n\n\n\n<p>Para ello personal de la PEI y de la FGE se trasladaron a Xalapa, a fin de trasladarlo a M\u00e9rida.<\/p>\n\n\n\n<p>El menor manifest\u00f3 que sali\u00f3 de su domicilio por problemas familiares; quedar\u00e1 bajo el cuidado de la Procuradur\u00eda de Protecci\u00f3n de Ni\u00f1as, Ni\u00f1os y Adolescentes (Prodennay) en tanto se realizan las diligencias de ley.<\/p>\n","protected":false},"excerpt":{"rendered":"<p>M\u00c9RIDA, Yucat\u00e1n.- Un menor de 15 a\u00f1os de edad reportado como desaparecido en M\u00e9rida, fue localizado en Xalapa, Veracruz, como resultado de un trabajo conjunto entre autoridades de ambos estados.<\/p>\n","protected":false},"author":2,"featured_media":125362,"comment_status":"open","ping_status":"open","sticky":false,"template":"","format":"standard","meta":{"jetpack_post_was_ever_published":false,"_jetpack_newsletter_access":"","_jetpack_dont_email_post_to_subs":false,"_jetpack_newsletter_tier_id":0,"_jetpack_memberships_contains_paywalled_content":false,"_jetpack_memberships_contains_paid_content":false,"footnotes":"","jetpack_publicize_message":"","jetpack_publicize_feature_enabled":true,"jetpack_social_post_already_shared":true,"jetpack_social_options":{"image_generator_settings":{"template":"highway","default_image_id":0,"font":"","enabled":false},"version":2}},"categories":[54],"tags":[],"class_list":["post-125360","post","type-post","status-publish","format-standard","has-post-thumbnail","hentry","category-yucatan"],"jetpack_publicize_connections":[],"jetpack_featured_media_url":"https:\/\/formalprision.com\/wp-content\/uploads\/2024\/10\/WhatsApp-Image-2024-10-29-at-5.15.25-PM.jpeg","jetpack_sharing_enabled":true,"jetpack_shortlink":"https:\/\/wp.me\/p6id8p-wBW","_links":{"self":[{"href":"https:\/\/formalprision.com\/index.php?rest_route=\/wp\/v2\/posts\/125360","targetHints":{"allow":["GET"]}}],"collection":[{"href":"https:\/\/formalprision.com\/index.php?rest_route=\/wp\/v2\/posts"}],"about":[{"href":"https:\/\/formalprision.com\/index.php?rest_route=\/wp\/v2\/types\/post"}],"author":[{"embeddable":true,"href":"https:\/\/formalprision.com\/index.php?rest_route=\/wp\/v2\/users\/2"}],"replies":[{"embeddable":true,"href":"https:\/\/formalprision.com\/index.php?rest_route=%2Fwp%2Fv2%2Fcomments&post=125360"}],"version-history":[{"count":1,"href":"https:\/\/formalprision.com\/index.php?rest_route=\/wp\/v2\/posts\/125360\/revisions"}],"predecessor-version":[{"id":125361,"href":"https:\/\/formalprision.com\/index.php?rest_route=\/wp\/v2\/posts\/125360\/revisions\/125361"}],"wp:featuredmedia":[{"embeddable":true,"href":"https:\/\/formalprision.com\/index.php?rest_route=\/wp\/v2\/media\/125362"}],"wp:attachment":[{"href":"https:\/\/formalprision.com\/index.php?rest_route=%2Fwp%2Fv2%2Fmedia&parent=125360"}],"wp:term":[{"taxonomy":"category","embeddable":true,"href":"https:\/\/formalprision.com\/index.php?rest_route=%2Fwp%2Fv2%2Fcategories&post=125360"},{"taxonomy":"post_tag","embeddable":true,"href":"https:\/\/formalprision.com\/index.php?rest_route=%2Fwp%2Fv2%2Ftags&post=125360"}],"curies":[{"name":"wp","href":"https:\/\/api.w.org\/{rel}","templated":true}]}}