{"id":125380,"date":"2024-10-30T08:29:38","date_gmt":"2024-10-30T13:29:38","guid":{"rendered":"https:\/\/formalprision.com\/?p=125380"},"modified":"2024-10-31T10:11:00","modified_gmt":"2024-10-31T15:11:00","slug":"maluma-lanza-su-marca-de-ropa-con-estilo-futurista","status":"publish","type":"post","link":"https:\/\/formalprision.com\/?p=125380","title":{"rendered":"Maluma lanza su marca de ropa con estilo futurista"},"content":{"rendered":"\n<p>El cantante colombiano Maluma lanz\u00f3 este martes en Medell\u00edn su marca de ropa con un desfile en el que present\u00f3 una colecci\u00f3n futurista para estrechar su v\u00ednculo con la moda, a la que considera una \u201cherramienta\u201d para transmitir su esencia y pensamientos, al igual que la m\u00fasica.<\/p>\n\n\n\n<p>El int\u00e9rprete de \u00e9xitos como \u2018Hawai\u2019, \u2018Felices los cuatro\u2019 y \u2018Sobrio\u2019 present\u00f3 Remanence, un proyecto con el que est\u00e1 \u201cso\u00f1ando en grande\u201d de la mano de la dise\u00f1adora Ana Villegas, creadora de prendas que mezclan el \u2018activewear\u2019 y \u2018casualwear\u2019.<\/p>\n\n\n\n<p>\u201cRealmente yo siempre hab\u00eda querido hacer esto, pero siempre eran como intentos y colaboraciones\u201d, expres\u00f3 a periodistas Maluma antes de presentar \u2018Nexis\u2019, una colecci\u00f3n que fusiona un estilo futurista con la tendencia \u2018gorpcore\u2019, logrando siluetas minimalistas y detalles priorizan el confort y la practicidad.<\/p>\n\n\n\n<p>Para el artista, su hija Par\u00eds le dio \u201cesa fuerza para tomar la decisi\u00f3n de incursionar en la industria de la moda, al considerar que junto a la m\u00fasica han sido \u201cherramientas muy importantes para poder dejarle saber al mundo mis sentimientos, para poder transmitir lo que soy yo\u201d<\/p>\n\n\n\n<p>\u201cEra ahora o nunca. Acabo de cumplir 30 a\u00f1os, s\u00e9 que soy muy joven, pero los sue\u00f1os los puedo empezar a construir desde ya\u201d, agreg\u00f3 Maluma, fundador y director creativo de Remanence.<\/p>\n\n\n\n<p>En el Edificio Inteligente de las Empresas P\u00fablicas de Medell\u00edn (EPM) desvel\u00f3 las primeras creaciones de su marca con juego de luces y 27 looks atemporales de una colecci\u00f3n fabricada con textiles tecnol\u00f3gicos, perfecta para hacer ejercicio y actividades cotidianas.<\/p>\n\n\n\n<p>Un nuevo hijo<\/p>\n\n\n\n<p>La estrella de reguet\u00f3n, al hablar de esta nueva faceta, se defini\u00f3 como un joven de Medell\u00edn que \u201cha visitado los fashion shows m\u00e1s importantes del mundo entero\u201d, y ahora tiene la oportunidad de \u201cpoder replicar un poco eso\u201d y de exportar el talento de su ciudad.<\/p>\n\n\n\n<p>\u201cLo que queremos es poder llegar a nivel global, pero vamos a empezar con Colombia, M\u00e9xico y Estados Unidos. Esos son los focos principales y pr\u00f3ximamente en el mundo entero\u201d, sostuvo \u2018Don Juan\u2019 o \u2018Papi Juancho\u2019, como tambi\u00e9n es conocido.<\/p>\n\n\n\n<p>En 2021, el cantautor colombiano se convirti\u00f3 en el primer artista latino, y el segundo en el mundo, en anunciar que dise\u00f1\u00f3 una l\u00ednea de ropa de edici\u00f3n limitada en colaboraci\u00f3n con la casa de alta costura parisina Balmain.<\/p>\n\n\n\n<p>Un a\u00f1o despu\u00e9s de esa primera incursi\u00f3n en la industria, Maluma llev\u00f3 toda su energ\u00eda creativa al mundo de la moda para enviar un mensaje de inclusi\u00f3n y libertad con una colecci\u00f3n para la marca de ropa GEF, que dise\u00f1\u00f3 junto a ni\u00f1os y j\u00f3venes de su fundaci\u00f3n y que desvel\u00f3 este mi\u00e9rcoles en la pasarela de Colombiamoda.<\/p>\n\n\n\n<p>\u00abEsta marca de ropa tiene mi historia, es como si fueran mis tatuajes, la tinta en mi piel. Es toda mi cultura, mi familia. A Remanence le meto mi coraz\u00f3n, mi alma y esp\u00edritu. Es mi nuevo hijo\u201d. finaliz\u00f3 el artista.<\/p>\n","protected":false},"excerpt":{"rendered":"<p>El cantante colombiano Maluma lanz\u00f3 este martes en Medell\u00edn su marca de ropa con un desfile en el que present\u00f3 una colecci\u00f3n futurista para estrechar su v\u00ednculo con la moda,<\/p>\n","protected":false},"author":2,"featured_media":125382,"comment_status":"open","ping_status":"open","sticky":false,"template":"","format":"standard","meta":{"jetpack_post_was_ever_published":false,"_jetpack_newsletter_access":"","_jetpack_dont_email_post_to_subs":false,"_jetpack_newsletter_tier_id":0,"_jetpack_memberships_contains_paywalled_content":false,"_jetpack_memberships_contains_paid_content":false,"footnotes":"","jetpack_publicize_message":"","jetpack_publicize_feature_enabled":true,"jetpack_social_post_already_shared":true,"jetpack_social_options":{"image_generator_settings":{"template":"highway","default_image_id":0,"font":"","enabled":false},"version":2}},"categories":[23],"tags":[],"class_list":["post-125380","post","type-post","status-publish","format-standard","has-post-thumbnail","hentry","category-del-mundo"],"jetpack_publicize_connections":[],"jetpack_featured_media_url":"https:\/\/formalprision.com\/wp-content\/uploads\/2024\/10\/maluma.jpeg","jetpack_sharing_enabled":true,"jetpack_shortlink":"https:\/\/wp.me\/p6id8p-wCg","_links":{"self":[{"href":"https:\/\/formalprision.com\/index.php?rest_route=\/wp\/v2\/posts\/125380","targetHints":{"allow":["GET"]}}],"collection":[{"href":"https:\/\/formalprision.com\/index.php?rest_route=\/wp\/v2\/posts"}],"about":[{"href":"https:\/\/formalprision.com\/index.php?rest_route=\/wp\/v2\/types\/post"}],"author":[{"embeddable":true,"href":"https:\/\/formalprision.com\/index.php?rest_route=\/wp\/v2\/users\/2"}],"replies":[{"embeddable":true,"href":"https:\/\/formalprision.com\/index.php?rest_route=%2Fwp%2Fv2%2Fcomments&post=125380"}],"version-history":[{"count":2,"href":"https:\/\/formalprision.com\/index.php?rest_route=\/wp\/v2\/posts\/125380\/revisions"}],"predecessor-version":[{"id":125383,"href":"https:\/\/formalprision.com\/index.php?rest_route=\/wp\/v2\/posts\/125380\/revisions\/125383"}],"wp:featuredmedia":[{"embeddable":true,"href":"https:\/\/formalprision.com\/index.php?rest_route=\/wp\/v2\/media\/125382"}],"wp:attachment":[{"href":"https:\/\/formalprision.com\/index.php?rest_route=%2Fwp%2Fv2%2Fmedia&parent=125380"}],"wp:term":[{"taxonomy":"category","embeddable":true,"href":"https:\/\/formalprision.com\/index.php?rest_route=%2Fwp%2Fv2%2Fcategories&post=125380"},{"taxonomy":"post_tag","embeddable":true,"href":"https:\/\/formalprision.com\/index.php?rest_route=%2Fwp%2Fv2%2Ftags&post=125380"}],"curies":[{"name":"wp","href":"https:\/\/api.w.org\/{rel}","templated":true}]}}