{"id":125401,"date":"2024-10-31T07:21:25","date_gmt":"2024-10-31T12:21:25","guid":{"rendered":"https:\/\/formalprision.com\/?p=125401"},"modified":"2024-11-01T00:27:52","modified_gmt":"2024-11-01T05:27:52","slug":"muere-mexicano-detenido-en-una-carcel-de-migrantes-en-el-estado-de-washington","status":"publish","type":"post","link":"https:\/\/formalprision.com\/?p=125401","title":{"rendered":"Muere mexicano detenido en una c\u00e1rcel de migrantes en el estado de Washington"},"content":{"rendered":"\n<p>Un mexicano, bajo arresto en un controvertido centro de detenci\u00f3n de migrantes en el estado de Washington, muri\u00f3 el domingo pasado, lo que marca el segundo fallecimiento en esa c\u00e1rcel en lo que va del a\u00f1o, denunci\u00f3 auer mi\u00e9rcoles la organizaci\u00f3n La Resistencia.<\/p>\n\n\n\n<p>El Departamento de Polic\u00eda de Tacoma confirm\u00f3 la muerte del migrante que se encontraba en aislamiento m\u00e9dico en el Centro de Detenci\u00f3n del Noroeste (NWDC, en ingl\u00e9s), que opera bajo la jurisdicci\u00f3n del Servicio de Control de Inmigraci\u00f3n y Aduanas (ICE).<\/p>\n\n\n\n<p>Aunque el hombre no fue identificado, migrantes detenidos confirmaron a la organizaci\u00f3n que se trataba de un mexicano.<\/p>\n\n\n\n<p>El deceso marca la cuarta muerte de un migrante dentro de este centro de detenci\u00f3n, despu\u00e9s de las de Jos\u00e9 Cervantes Corona (en 2006), Mergansana Amar (en 2018) y, m\u00e1s recientemente, Charles Leo Daniel (2024).<\/p>\n\n\n\n<p>Daniel muri\u00f3 el pasado 7 de marzo, despu\u00e9s de pasar los \u00faltimos cuatro a\u00f1os de su vida en r\u00e9gimen de aislamiento en NWDC, subray\u00f3 en un comunicado la organizaci\u00f3n.<\/p>\n\n\n\n<p>El NWDC ha estado en la mira de las organizaciones por denuncias de someter a los migrantes a aislamientos, falta de alimentos y ropa limpia, medidas de represalia y negligencia m\u00e9dicas.<\/p>\n\n\n\n<p>Maru Mora Villalpando, directora de La Resistencia, dijo en un comunicado que, tras las constantes quejas, los activistas exigen una investigaci\u00f3n transparente y rechazan de entrada la noci\u00f3n de que puede haber una \u201cmuerte natural\u201d en detenci\u00f3n.<\/p>\n\n\n\n<p>La organizaci\u00f3n tambi\u00e9n ha estado documentando el traslado de detenidos desde estados de la frontera sur. Un grupo de 48 detenidos fueron enviados desde Phoenix, Arizona, a este centro este mi\u00e9rcoles.<\/p>\n\n\n\n<p>El grupo, compuesto por 32 mujeres y 16 hombres, es el m\u00e1s grande que el equipo de observaci\u00f3n de vuelos del grupo ha presenciado desde mayo de 2023, resalt\u00f3 el comunicado.<\/p>\n","protected":false},"excerpt":{"rendered":"<p>Un mexicano, bajo arresto en un controvertido centro de detenci\u00f3n de migrantes en el estado de Washington, muri\u00f3 el domingo pasado, lo que marca el segundo fallecimiento en esa c\u00e1rcel<\/p>\n","protected":false},"author":2,"featured_media":125403,"comment_status":"open","ping_status":"open","sticky":false,"template":"","format":"standard","meta":{"jetpack_post_was_ever_published":false,"_jetpack_newsletter_access":"","_jetpack_dont_email_post_to_subs":false,"_jetpack_newsletter_tier_id":0,"_jetpack_memberships_contains_paywalled_content":false,"_jetpack_memberships_contains_paid_content":false,"footnotes":"","jetpack_publicize_message":"","jetpack_publicize_feature_enabled":true,"jetpack_social_post_already_shared":true,"jetpack_social_options":{"image_generator_settings":{"template":"highway","default_image_id":0,"font":"","enabled":false},"version":2}},"categories":[23],"tags":[],"class_list":["post-125401","post","type-post","status-publish","format-standard","has-post-thumbnail","hentry","category-del-mundo"],"jetpack_publicize_connections":[],"jetpack_featured_media_url":"https:\/\/formalprision.com\/wp-content\/uploads\/2024\/10\/resisd.jpg","jetpack_sharing_enabled":true,"jetpack_shortlink":"https:\/\/wp.me\/p6id8p-wCB","_links":{"self":[{"href":"https:\/\/formalprision.com\/index.php?rest_route=\/wp\/v2\/posts\/125401","targetHints":{"allow":["GET"]}}],"collection":[{"href":"https:\/\/formalprision.com\/index.php?rest_route=\/wp\/v2\/posts"}],"about":[{"href":"https:\/\/formalprision.com\/index.php?rest_route=\/wp\/v2\/types\/post"}],"author":[{"embeddable":true,"href":"https:\/\/formalprision.com\/index.php?rest_route=\/wp\/v2\/users\/2"}],"replies":[{"embeddable":true,"href":"https:\/\/formalprision.com\/index.php?rest_route=%2Fwp%2Fv2%2Fcomments&post=125401"}],"version-history":[{"count":1,"href":"https:\/\/formalprision.com\/index.php?rest_route=\/wp\/v2\/posts\/125401\/revisions"}],"predecessor-version":[{"id":125402,"href":"https:\/\/formalprision.com\/index.php?rest_route=\/wp\/v2\/posts\/125401\/revisions\/125402"}],"wp:featuredmedia":[{"embeddable":true,"href":"https:\/\/formalprision.com\/index.php?rest_route=\/wp\/v2\/media\/125403"}],"wp:attachment":[{"href":"https:\/\/formalprision.com\/index.php?rest_route=%2Fwp%2Fv2%2Fmedia&parent=125401"}],"wp:term":[{"taxonomy":"category","embeddable":true,"href":"https:\/\/formalprision.com\/index.php?rest_route=%2Fwp%2Fv2%2Fcategories&post=125401"},{"taxonomy":"post_tag","embeddable":true,"href":"https:\/\/formalprision.com\/index.php?rest_route=%2Fwp%2Fv2%2Ftags&post=125401"}],"curies":[{"name":"wp","href":"https:\/\/api.w.org\/{rel}","templated":true}]}}