{"id":125413,"date":"2024-10-31T19:28:15","date_gmt":"2024-11-01T00:28:15","guid":{"rendered":"https:\/\/formalprision.com\/?p=125413"},"modified":"2024-11-03T10:00:54","modified_gmt":"2024-11-03T15:00:54","slug":"regresa-la-gran-muestra-estatal-de-altares-a-la-plaza-grande","status":"publish","type":"post","link":"https:\/\/formalprision.com\/?p=125413","title":{"rendered":"Regresa la Gran Muestra Estatal de Altares a la Plaza Grande"},"content":{"rendered":"\n<p>M\u00c9RIDA, Yucat\u00e1n.- El aroma a incienso, pib y chocolate caliente, as\u00ed como los ramos de flores, los dulces, la m\u00fasica y los trajes t\u00edpicos yucatecos han vuelto a la Plaza Grande con la Gran Muestra Estatal de Altares \u201cJanal Pixan 2024\u201d, a\u00f1orada tradici\u00f3n que regresa a ocupar el lugar que le corresponde. En esta ocasi\u00f3n estuvo integrada por m\u00e1s de 70 ofrendas elaboradas por municipios, dependencias estatales, instituciones educativas y asociaciones civiles.<br>\u00a0<br>Acompa\u00f1ado de la presidenta honoraria del DIF Yucat\u00e1n, l Wendy M\u00e9ndez Naal, el gobernador Joaqu\u00edn D\u00edaz Mena encabez\u00f3 este evento que en el coraz\u00f3n de la capital del Estado reuni\u00f3 a familias yucatecas y a visitantes, quienes lo acompa\u00f1aron en el recorrido que realiz\u00f3 a lo largo de la gran variedad de altares instalados alrededor de la Plaza Grande, donde disfrutaron de las costumbres locales reservadas para estas fechas.<br>\u00a0<br>El regreso del Janal Pixan (comida de las \u00e1nimas) lleg\u00f3 de nueva cuenta con la Muestra, que es un homenaje a nuestras ra\u00edces y representa la importancia que tiene la preservaci\u00f3n de las tradiciones para el Gobierno de Yucat\u00e1n, porque enaltecen nuestra historia y nos ayudan a comprender nuestro presente y construir un mejor futuro.<br>\u00a0<br>\u00abRescatamos la Gran Muestra Estatal de Altares porque tenemos que seguir promoviendo nuestras tradiciones, lo que nos llena de orgullo como yucatecos. Despu\u00e9s de 5 a\u00f1os que no se realiza, lo tenemos de vuelta aqu\u00ed en la Plaza Grande, en la Plaza de todos los yucatecos\u00bb, afirm\u00f3 el Gobernador.<br>\u00a0<br>El Gobernador visit\u00f3 las ofrendas, la mayor\u00eda de ellas instaladas dentro de las acostumbradas casas de huano, donde se espera la llegada de las \u00e1nimas de amigos y familiares, quienes son recibidos con rezos, flores, comida como el tradicional pib, c\u00edtricos end\u00e9micos del estado, as\u00ed como pan dulce, velas y veladoras. Adem\u00e1s, escuch\u00f3 la explicaci\u00f3n de los elementos que conforman los altares, as\u00ed como el significado de la variedad de ritos que se acostumbran en cada una de las comunidades.<br>\u00a0<br>En la inauguraci\u00f3n, la titular de la Secretar\u00eda de la Cultura y las Artes (Sedeculta), Patricia Mart\u00edn Brice\u00f1o, destac\u00f3 que la Muestra de Altares es el reflejo profundo de nuestras tradiciones y la esencia de lo que nos une como comunidad, ya que nuestro patrimonio cultural es la fuente de la buena convivencia que fortalece nuestro tejido social y mantiene seguro y en armon\u00eda a nuestro estado.<br>\u00a0<br>\u00abEn esta etapa de Renacimiento Maya, la preservaci\u00f3n de nuestras costumbres es m\u00e1s importante que nunca. Aqu\u00ed, en cada ofrenda, en cada flor y en cada vela encendida, se encuentra la esencia de Yucat\u00e1n, el respeto por nuestros seres queridos y la alegr\u00eda de compartir esta tradici\u00f3n con el mundo\u00bb, asever\u00f3 la funcionaria estatal.<br>\u00a0<br>Durante esta jornada tambi\u00e9n estuvieron presentes, adem\u00e1s de la directora del Instituto para el Desarrollo de la Cultura Maya en el Estado (INDEMAYA), Fabiola Loeza Novelo, Alcaldes y Alcaldesas de distintos municipios participantes, as\u00ed como Secretarios y Directores de la administraci\u00f3n p\u00fablica estatal.<\/p>\n","protected":false},"excerpt":{"rendered":"<p>M\u00c9RIDA, Yucat\u00e1n.- El aroma a incienso, pib y chocolate caliente, as\u00ed como los ramos de flores, los dulces, la m\u00fasica y los trajes t\u00edpicos yucatecos han vuelto a la Plaza<\/p>\n","protected":false},"author":2,"featured_media":125415,"comment_status":"open","ping_status":"open","sticky":false,"template":"","format":"standard","meta":{"jetpack_post_was_ever_published":false,"_jetpack_newsletter_access":"","_jetpack_dont_email_post_to_subs":false,"_jetpack_newsletter_tier_id":0,"_jetpack_memberships_contains_paywalled_content":false,"_jetpack_memberships_contains_paid_content":false,"footnotes":"","jetpack_publicize_message":"","jetpack_publicize_feature_enabled":true,"jetpack_social_post_already_shared":true,"jetpack_social_options":{"image_generator_settings":{"template":"highway","default_image_id":0,"font":"","enabled":false},"version":2}},"categories":[14,17],"tags":[],"class_list":["post-125413","post","type-post","status-publish","format-standard","has-post-thumbnail","hentry","category-merida","category-politica-y-gobierno"],"jetpack_publicize_connections":[],"jetpack_featured_media_url":"https:\/\/formalprision.com\/wp-content\/uploads\/2024\/10\/WhatsApp-Image-2024-10-31-at-5.38.36-PM.jpeg","jetpack_sharing_enabled":true,"jetpack_shortlink":"https:\/\/wp.me\/p6id8p-wCN","_links":{"self":[{"href":"https:\/\/formalprision.com\/index.php?rest_route=\/wp\/v2\/posts\/125413","targetHints":{"allow":["GET"]}}],"collection":[{"href":"https:\/\/formalprision.com\/index.php?rest_route=\/wp\/v2\/posts"}],"about":[{"href":"https:\/\/formalprision.com\/index.php?rest_route=\/wp\/v2\/types\/post"}],"author":[{"embeddable":true,"href":"https:\/\/formalprision.com\/index.php?rest_route=\/wp\/v2\/users\/2"}],"replies":[{"embeddable":true,"href":"https:\/\/formalprision.com\/index.php?rest_route=%2Fwp%2Fv2%2Fcomments&post=125413"}],"version-history":[{"count":3,"href":"https:\/\/formalprision.com\/index.php?rest_route=\/wp\/v2\/posts\/125413\/revisions"}],"predecessor-version":[{"id":125421,"href":"https:\/\/formalprision.com\/index.php?rest_route=\/wp\/v2\/posts\/125413\/revisions\/125421"}],"wp:featuredmedia":[{"embeddable":true,"href":"https:\/\/formalprision.com\/index.php?rest_route=\/wp\/v2\/media\/125415"}],"wp:attachment":[{"href":"https:\/\/formalprision.com\/index.php?rest_route=%2Fwp%2Fv2%2Fmedia&parent=125413"}],"wp:term":[{"taxonomy":"category","embeddable":true,"href":"https:\/\/formalprision.com\/index.php?rest_route=%2Fwp%2Fv2%2Fcategories&post=125413"},{"taxonomy":"post_tag","embeddable":true,"href":"https:\/\/formalprision.com\/index.php?rest_route=%2Fwp%2Fv2%2Ftags&post=125413"}],"curies":[{"name":"wp","href":"https:\/\/api.w.org\/{rel}","templated":true}]}}