{"id":125416,"date":"2024-10-31T19:40:41","date_gmt":"2024-11-01T00:40:41","guid":{"rendered":"https:\/\/formalprision.com\/?p=125416"},"modified":"2024-11-03T10:00:42","modified_gmt":"2024-11-03T15:00:42","slug":"yucatan-seguira-siendo-referente-nacional-en-seguridad-coinciden-joaquin-diaz-mena-y-omar-garcia-harfuch","status":"publish","type":"post","link":"https:\/\/formalprision.com\/?p=125416","title":{"rendered":"Yucat\u00e1n seguir\u00e1 siendo referente en seguridad: D\u00edaz Mena y Garc\u00eda Harfuch"},"content":{"rendered":"\n<p>CIUDAD DE M\u00c9XICO.- Como parte de su estrategia para consolidar a Yucat\u00e1n como uno de los estados m\u00e1s seguros del pa\u00eds, el Gobernador Joaqu\u00edn D\u00edaz Mena sostuvo una reuni\u00f3n de trabajo con el Secretario de Seguridad y Protecci\u00f3n Ciudadana, Omar Garc\u00eda Harfuch.<\/p>\n\n\n\n<p>El encuentro se centr\u00f3 en el fortalecimiento de la colaboraci\u00f3n estrat\u00e9gica entre el estado y la Federaci\u00f3n en materia de seguridad p\u00fablica y la actualizaci\u00f3n de estrategias de prevenci\u00f3n del delito, adaptadas a las necesidades de la regi\u00f3n y alineadas con las pol\u00edticas nacionales en la materia.<\/p>\n\n\n\n<p>Acompa\u00f1ado por el secretario de Seguridad P\u00fablica del Estado, comandante Luis Felipe Said\u00e9n Ojeda, y de la titular del Secretariado Ejecutivo del Sistema Nacional de Seguridad P\u00fablica, Marcela Figueroa Franco, el Gobernador plante\u00f3 temas clave para garantizar que Yucat\u00e1n contin\u00fae siendo un referente nacional en seguridad p\u00fablica.<\/p>\n\n\n\n<p>D\u00edaz Mena destac\u00f3 el compromiso de su administraci\u00f3n por mantener los niveles de paz y seguridad que caracterizan a Yucat\u00e1n, a trav\u00e9s de una estrecha coordinaci\u00f3n con las autoridades federales y del fortalecimiento de las capacidades de las fuerzas de seguridad estatales.<\/p>\n\n\n\n<p>En la sesi\u00f3n de trabajo se revisaron los protocolos y medidas preventivas que han dado resultados positivos en el estado.<\/p>\n\n\n\n<p>Finalmente, el Secretario Garc\u00eda Harfuch subray\u00f3 la importancia de la colaboraci\u00f3n continua con Yucat\u00e1n, un estado que ha demostrado efectividad en la implementaci\u00f3n de pol\u00edticas de seguridad p\u00fablica y cuyas experiencias y estrategias pueden servir para otras entidades.&nbsp;<\/p>\n","protected":false},"excerpt":{"rendered":"<p>CIUDAD DE M\u00c9XICO.- Como parte de su estrategia para consolidar a Yucat\u00e1n como uno de los estados m\u00e1s seguros del pa\u00eds, el Gobernador Joaqu\u00edn D\u00edaz Mena sostuvo una reuni\u00f3n de<\/p>\n","protected":false},"author":2,"featured_media":125418,"comment_status":"open","ping_status":"open","sticky":false,"template":"","format":"standard","meta":{"jetpack_post_was_ever_published":false,"_jetpack_newsletter_access":"","_jetpack_dont_email_post_to_subs":false,"_jetpack_newsletter_tier_id":0,"_jetpack_memberships_contains_paywalled_content":false,"_jetpack_memberships_contains_paid_content":false,"footnotes":"","jetpack_publicize_message":"","jetpack_publicize_feature_enabled":true,"jetpack_social_post_already_shared":true,"jetpack_social_options":{"image_generator_settings":{"template":"highway","default_image_id":0,"font":"","enabled":false},"version":2}},"categories":[17,54],"tags":[],"class_list":["post-125416","post","type-post","status-publish","format-standard","has-post-thumbnail","hentry","category-politica-y-gobierno","category-yucatan"],"jetpack_publicize_connections":[],"jetpack_featured_media_url":"https:\/\/formalprision.com\/wp-content\/uploads\/2024\/10\/WhatsApp-Image-2024-10-31-at-11.19.32-AM.jpeg","jetpack_sharing_enabled":true,"jetpack_shortlink":"https:\/\/wp.me\/p6id8p-wCQ","_links":{"self":[{"href":"https:\/\/formalprision.com\/index.php?rest_route=\/wp\/v2\/posts\/125416","targetHints":{"allow":["GET"]}}],"collection":[{"href":"https:\/\/formalprision.com\/index.php?rest_route=\/wp\/v2\/posts"}],"about":[{"href":"https:\/\/formalprision.com\/index.php?rest_route=\/wp\/v2\/types\/post"}],"author":[{"embeddable":true,"href":"https:\/\/formalprision.com\/index.php?rest_route=\/wp\/v2\/users\/2"}],"replies":[{"embeddable":true,"href":"https:\/\/formalprision.com\/index.php?rest_route=%2Fwp%2Fv2%2Fcomments&post=125416"}],"version-history":[{"count":2,"href":"https:\/\/formalprision.com\/index.php?rest_route=\/wp\/v2\/posts\/125416\/revisions"}],"predecessor-version":[{"id":125419,"href":"https:\/\/formalprision.com\/index.php?rest_route=\/wp\/v2\/posts\/125416\/revisions\/125419"}],"wp:featuredmedia":[{"embeddable":true,"href":"https:\/\/formalprision.com\/index.php?rest_route=\/wp\/v2\/media\/125418"}],"wp:attachment":[{"href":"https:\/\/formalprision.com\/index.php?rest_route=%2Fwp%2Fv2%2Fmedia&parent=125416"}],"wp:term":[{"taxonomy":"category","embeddable":true,"href":"https:\/\/formalprision.com\/index.php?rest_route=%2Fwp%2Fv2%2Fcategories&post=125416"},{"taxonomy":"post_tag","embeddable":true,"href":"https:\/\/formalprision.com\/index.php?rest_route=%2Fwp%2Fv2%2Ftags&post=125416"}],"curies":[{"name":"wp","href":"https:\/\/api.w.org\/{rel}","templated":true}]}}