{"id":125425,"date":"2024-11-01T07:16:40","date_gmt":"2024-11-01T12:16:40","guid":{"rendered":"https:\/\/formalprision.com\/?p=125425"},"modified":"2024-11-03T10:00:18","modified_gmt":"2024-11-03T15:00:18","slug":"ofrenda-del-dia-de-muertos-en-la-casa-blanca-honra-a-difuntos-de-empleados-y-visitantes","status":"publish","type":"post","link":"https:\/\/formalprision.com\/?p=125425","title":{"rendered":"Ofrenda del D\u00eda de Muertos en la Casa Blanca honra a difuntos de empleados y visitantes"},"content":{"rendered":"\n<p>Empleados y visitantes de la Casa Blanca honraron este jueves a sus difuntos con una ofrenda del D\u00eda de Muertos que estar\u00e1 abierta al p\u00fablico en la residencia presidencial hasta el pr\u00f3ximo 3 de noviembre.<\/p>\n\n\n\n<p>Tanto empleados del edificio como invitados pasaron por la ofrenda a lo largo del d\u00eda para depositar fotograf\u00edas de sus seres queridos fallecidos.<\/p>\n\n\n\n<p>El altar est\u00e1 compuesto por tres niveles, decorados con calaveritas de az\u00facar, catrinas, pan de muerto, velas, papel picado y figuras mexicanas como alebrijes, que est\u00e1n coronados por una imagen de la virgen de Guadalupe y un arco de flores de cempas\u00fachil.<\/p>\n\n\n\n<p>Jason, un joven de Honduras que reside en Washington, uno de los primeros en llegar al altar, celebra la decisi\u00f3n de los Biden como algo \u201c\u00fanico\u201d que los presidentes \u201cno hacen normalmente\u201d.<\/p>\n\n\n\n<p>\u201cPara m\u00ed es un d\u00eda para celebrar y honrar a la gente que ha fallecido y es muy especial poder venir a hacerlo a la Casa Blanca\u201d, declar\u00f3.<\/p>\n\n\n\n<p>Esta es la cuarta ofrenda que se expone en la mansi\u00f3n presidencial, una iniciativa que no se hab\u00eda hecho antes de la llegada de Joe Biden y la primera dama, Jill Biden, a la Casa Blanca.<\/p>\n\n\n\n<p>\u201cEs el segundo a\u00f1o que la primera dama nos pide que abramos las puertas de la Casa Blanca a los miembros de la comunidad latinoamericana para que puedan participar y traer una foto de sus difuntos\u201d, explic\u00f3 a EFE Carlos Elizondo, secretario social de la mansi\u00f3n presidencial.<\/p>\n\n\n\n<p>Sin embargo, la ofrenda no est\u00e1 dirigida exclusivamente a la comunidad latina, la primera dama pretende que sea una oportunidad para aprender para todos.<\/p>\n\n\n\n<p>\u201cEstar\u00e1 abierta para que todos los visitantes de la Casa Blanca, no solo a la comunidad latina, puedan ver la ofrenda y aprender un poco m\u00e1s de la cultura latina y la cultura mexicana\u201d, apunt\u00f3 Vanessa Valdivia, secretaria de prensa de la primera dama.<\/p>\n\n\n\n<p>La ofrenda, situada en el Ala Este de la Casa Blanca, fue dise\u00f1ada en colaboraci\u00f3n con el Instituto Cultural de M\u00e9xico de la capital estadounidense.<\/p>\n\n\n\n<p>Adem\u00e1s de dejar las fotos de sus familiares, los ni\u00f1os y ni\u00f1as pueden llevarse dibujos para pintar relacionados con la festividad, una idea de la primera dama para motivar el aprendizaje sobre este d\u00eda.<\/p>\n","protected":false},"excerpt":{"rendered":"<p>Empleados y visitantes de la Casa Blanca honraron este jueves a sus difuntos con una ofrenda del D\u00eda de Muertos que estar\u00e1 abierta al p\u00fablico en la residencia presidencial hasta<\/p>\n","protected":false},"author":2,"featured_media":125427,"comment_status":"open","ping_status":"open","sticky":false,"template":"","format":"standard","meta":{"jetpack_post_was_ever_published":false,"_jetpack_newsletter_access":"","_jetpack_dont_email_post_to_subs":false,"_jetpack_newsletter_tier_id":0,"_jetpack_memberships_contains_paywalled_content":false,"_jetpack_memberships_contains_paid_content":false,"footnotes":"","jetpack_publicize_message":"","jetpack_publicize_feature_enabled":true,"jetpack_social_post_already_shared":true,"jetpack_social_options":{"image_generator_settings":{"template":"highway","default_image_id":0,"font":"","enabled":false},"version":2}},"categories":[23,21],"tags":[],"class_list":["post-125425","post","type-post","status-publish","format-standard","has-post-thumbnail","hentry","category-del-mundo","category-nacionales"],"jetpack_publicize_connections":[],"jetpack_featured_media_url":"https:\/\/formalprision.com\/wp-content\/uploads\/2024\/11\/casa.jpg","jetpack_sharing_enabled":true,"jetpack_shortlink":"https:\/\/wp.me\/p6id8p-wCZ","_links":{"self":[{"href":"https:\/\/formalprision.com\/index.php?rest_route=\/wp\/v2\/posts\/125425","targetHints":{"allow":["GET"]}}],"collection":[{"href":"https:\/\/formalprision.com\/index.php?rest_route=\/wp\/v2\/posts"}],"about":[{"href":"https:\/\/formalprision.com\/index.php?rest_route=\/wp\/v2\/types\/post"}],"author":[{"embeddable":true,"href":"https:\/\/formalprision.com\/index.php?rest_route=\/wp\/v2\/users\/2"}],"replies":[{"embeddable":true,"href":"https:\/\/formalprision.com\/index.php?rest_route=%2Fwp%2Fv2%2Fcomments&post=125425"}],"version-history":[{"count":1,"href":"https:\/\/formalprision.com\/index.php?rest_route=\/wp\/v2\/posts\/125425\/revisions"}],"predecessor-version":[{"id":125426,"href":"https:\/\/formalprision.com\/index.php?rest_route=\/wp\/v2\/posts\/125425\/revisions\/125426"}],"wp:featuredmedia":[{"embeddable":true,"href":"https:\/\/formalprision.com\/index.php?rest_route=\/wp\/v2\/media\/125427"}],"wp:attachment":[{"href":"https:\/\/formalprision.com\/index.php?rest_route=%2Fwp%2Fv2%2Fmedia&parent=125425"}],"wp:term":[{"taxonomy":"category","embeddable":true,"href":"https:\/\/formalprision.com\/index.php?rest_route=%2Fwp%2Fv2%2Fcategories&post=125425"},{"taxonomy":"post_tag","embeddable":true,"href":"https:\/\/formalprision.com\/index.php?rest_route=%2Fwp%2Fv2%2Ftags&post=125425"}],"curies":[{"name":"wp","href":"https:\/\/api.w.org\/{rel}","templated":true}]}}