{"id":125477,"date":"2024-11-03T17:25:50","date_gmt":"2024-11-03T22:25:50","guid":{"rendered":"https:\/\/formalprision.com\/?p=125477"},"modified":"2024-11-04T22:54:23","modified_gmt":"2024-11-05T03:54:23","slug":"audiencias-con-el-pueblo-atiende-mas-de-500-solicitudes","status":"publish","type":"post","link":"https:\/\/formalprision.com\/?p=125477","title":{"rendered":"\u201cAudiencias con el Pueblo\u201d atiende m\u00e1s de 500 solicitudes"},"content":{"rendered":"\n<p>M\u00c9RIDA, Yucat\u00e1n.- A lo largo de esta semana, el gobernador Joaqu\u00edn D\u00edaz Mena encabez\u00f3 las mesas de Audiencia con el Pueblo, cuyo prop\u00f3sito es brindar un espacio donde las yucatecas y los yucatecos puedan entablar un di\u00e1logo directo con su Gobernador y presentar ante \u00e9l y sus principales funcionarios, sus demandas m\u00e1s sentidas y las de sus comunidades.<\/p>\n\n\n\n<p>M\u00e1s de 500 solicitudes fueron recibidas y canalizadas a las diferentes \u00e1reas de la administraci\u00f3n p\u00fablica estatal, entre las que destacan solicitudes de atenci\u00f3n a la salud, apoyos para estudiantes y deportistas, orientaci\u00f3n jur\u00eddica, as\u00ed como diversas peticiones de ayuda gubernamental que expusieron uno a uno ante el gobernador  a lo largo de toda la semana.<\/p>\n\n\n\n<p>Acompa\u00f1ado de su esposa y presidenta del  DIF Yucat\u00e1n,  Wendy M\u00e9ndez Naal, el gobernador reiter\u00f3 que este programa ser\u00e1 un ejercicio permanente a lo largo de toda su gesti\u00f3n, por lo que anticip\u00f3 que de manera recurrente se habilitar\u00e1n estos espacios para escuchar y atender las inquietudes y necesidades m\u00e1s sentidas de las yucatecas y los yucatecos.<\/p>\n\n\n\n<p>En la sede del Poder Ejecutivo, la gente que acudi\u00f3 encontr\u00f3 en el gabinete legal y ampliado, as\u00ed como en representantes de dependencias federales, atenci\u00f3n puntual a sus solicitudes y la constante de una total apertura que caracteriza a los gobiernos de la Cuarta Transformaci\u00f3n como el que encabeza D\u00edaz Mena.<\/p>\n\n\n\n<figure class=\"wp-block-image size-full\"><a href=\"http:\/\/formalprision.com\/wp-content\/uploads\/2024\/11\/WhatsApp-Image-2024-11-03-at-3.45.17-PM.jpeg\"><img loading=\"lazy\" decoding=\"async\" width=\"900\" height=\"599\" src=\"http:\/\/formalprision.com\/wp-content\/uploads\/2024\/11\/WhatsApp-Image-2024-11-03-at-3.45.17-PM.jpeg\" alt=\"\" class=\"wp-image-125480\" srcset=\"https:\/\/formalprision.com\/wp-content\/uploads\/2024\/11\/WhatsApp-Image-2024-11-03-at-3.45.17-PM.jpeg 900w, https:\/\/formalprision.com\/wp-content\/uploads\/2024\/11\/WhatsApp-Image-2024-11-03-at-3.45.17-PM-300x200.jpeg 300w, https:\/\/formalprision.com\/wp-content\/uploads\/2024\/11\/WhatsApp-Image-2024-11-03-at-3.45.17-PM-768x511.jpeg 768w\" sizes=\"auto, (max-width: 900px) 100vw, 900px\" \/><\/a><\/figure>\n\n\n\n<p>En este primer ejercicio de Audiencias con el Pueblo, que se realiz\u00f3 a lo largo de toda la semana hasta escuchar todas y cada una de las peticiones de audiencia, se atendieron solicitudes de los municipios de Abal\u00e1, Acanceh, Buctzotz, Celest\u00fan, Conkal, Chemax, Dzemul, Hom\u00fan, Hoct\u00fan, Halach\u00f3, Kanas\u00edn, Um\u00e1n, Hunucm\u00e1, Izamal, Opich\u00e9n, M\u00e9rida, Mama, Maxcan\u00fa, Oxkutzcab, Progreso, Yaxcab\u00e1, Cuzam\u00e1, Motul, Tekant\u00f3, Peto, Sanahcat, Sacalum, Sey\u00e9, Tekal de Venegas, Teabo, Tekax, Temax, Tetiz, Ticul, Timucuy, Tixkokob, Tizim\u00edn, Tzucacab, Yaxkukul y Valladolid.<\/p>\n","protected":false},"excerpt":{"rendered":"<p>M\u00c9RIDA, Yucat\u00e1n.- A lo largo de esta semana, el gobernador Joaqu\u00edn D\u00edaz Mena encabez\u00f3 las mesas de Audiencia con el Pueblo, cuyo prop\u00f3sito es brindar un espacio donde las yucatecas<\/p>\n","protected":false},"author":2,"featured_media":125479,"comment_status":"open","ping_status":"open","sticky":false,"template":"","format":"standard","meta":{"jetpack_post_was_ever_published":false,"_jetpack_newsletter_access":"","_jetpack_dont_email_post_to_subs":false,"_jetpack_newsletter_tier_id":0,"_jetpack_memberships_contains_paywalled_content":false,"_jetpack_memberships_contains_paid_content":false,"footnotes":"","jetpack_publicize_message":"","jetpack_publicize_feature_enabled":true,"jetpack_social_post_already_shared":true,"jetpack_social_options":{"image_generator_settings":{"template":"highway","default_image_id":0,"font":"","enabled":false},"version":2}},"categories":[17,54],"tags":[],"class_list":["post-125477","post","type-post","status-publish","format-standard","has-post-thumbnail","hentry","category-politica-y-gobierno","category-yucatan"],"jetpack_publicize_connections":[],"jetpack_featured_media_url":"https:\/\/formalprision.com\/wp-content\/uploads\/2024\/11\/WhatsApp-Image-2024-11-03-at-3.45.17-PM1.jpeg","jetpack_sharing_enabled":true,"jetpack_shortlink":"https:\/\/wp.me\/p6id8p-wDP","_links":{"self":[{"href":"https:\/\/formalprision.com\/index.php?rest_route=\/wp\/v2\/posts\/125477","targetHints":{"allow":["GET"]}}],"collection":[{"href":"https:\/\/formalprision.com\/index.php?rest_route=\/wp\/v2\/posts"}],"about":[{"href":"https:\/\/formalprision.com\/index.php?rest_route=\/wp\/v2\/types\/post"}],"author":[{"embeddable":true,"href":"https:\/\/formalprision.com\/index.php?rest_route=\/wp\/v2\/users\/2"}],"replies":[{"embeddable":true,"href":"https:\/\/formalprision.com\/index.php?rest_route=%2Fwp%2Fv2%2Fcomments&post=125477"}],"version-history":[{"count":3,"href":"https:\/\/formalprision.com\/index.php?rest_route=\/wp\/v2\/posts\/125477\/revisions"}],"predecessor-version":[{"id":125483,"href":"https:\/\/formalprision.com\/index.php?rest_route=\/wp\/v2\/posts\/125477\/revisions\/125483"}],"wp:featuredmedia":[{"embeddable":true,"href":"https:\/\/formalprision.com\/index.php?rest_route=\/wp\/v2\/media\/125479"}],"wp:attachment":[{"href":"https:\/\/formalprision.com\/index.php?rest_route=%2Fwp%2Fv2%2Fmedia&parent=125477"}],"wp:term":[{"taxonomy":"category","embeddable":true,"href":"https:\/\/formalprision.com\/index.php?rest_route=%2Fwp%2Fv2%2Fcategories&post=125477"},{"taxonomy":"post_tag","embeddable":true,"href":"https:\/\/formalprision.com\/index.php?rest_route=%2Fwp%2Fv2%2Ftags&post=125477"}],"curies":[{"name":"wp","href":"https:\/\/api.w.org\/{rel}","templated":true}]}}