{"id":125896,"date":"2024-11-16T17:46:46","date_gmt":"2024-11-16T22:46:46","guid":{"rendered":"https:\/\/formalprision.com\/?p=125896"},"modified":"2024-11-18T12:48:13","modified_gmt":"2024-11-18T17:48:13","slug":"gobierno-del-estado-firma-convenio-con-la-conade-para-fortalecer-el-deporte","status":"publish","type":"post","link":"https:\/\/formalprision.com\/?p=125896","title":{"rendered":"Gobierno del Estado firma convenio con la CONADE para fortalecer el deporte"},"content":{"rendered":"\n<p>En el marco de la entrega del Premio Estatal del Deporte y M\u00e9rito Deportivo Yucateco 2024, encabezado por el gobernador Joaqu\u00edn D\u00edaz Mena, los titulares del Instituto del Deporte de Yucat\u00e1n (IDEY), Arm\u00edn Lizama C\u00f3rdoba, y de la Comisi\u00f3n Nacional de Cultura F\u00edsica y Deporte (Conade), Rommel Pacheco Marrufo, firmaron el Convenio IDEY\u2013CONADE.\u00a0<br>\u00a0<br>Este acuerdo tiene como objetivo fortalecer la infraestructura deportiva, brindar mayores apoyos a atletas y entrenadores yucatecos, y consolidar el deporte como un eje del desarrollo social en el marco de las acciones del Renacimiento Maya, asegurando que llegue a todos los rincones de la entidad.<br>\u00a0<br>Durante la ceremonia, Gilda Guadalupe Cota Vera fue reconocida con el Premio Estatal del Deporte y el M\u00e9rito Deportivo Yucateco 2024 por su destacada participaci\u00f3n en los Juegos Paral\u00edmpicos de Par\u00eds. Este galard\u00f3n destaca su esfuerzo, disciplina y compromiso, valores que la han convertido en un ejemplo de perseverancia, elevando el nombre de Yucat\u00e1n a nivel internacional.<br>\u00a0<br>Al hacer uso de la palabra, el Gobernador Joaqu\u00edn D\u00edaz Mena felicit\u00f3 a Cota Vera, resaltando su desempe\u00f1o como un ejemplo de la tenacidad que caracteriza a los deportistas yucatecos. \u201cSu historia nos recuerda que no hay l\u00edmites cuando se trata de perseguir los sue\u00f1os. La verdadera fuerza est\u00e1 en la perseverancia y en la voluntad de nunca rendirse\u201d, expres\u00f3.<br>\u00a0<br>El mandatario tambi\u00e9n reiter\u00f3 el compromiso del Gobierno del Estado de continuar impulsando programas y pol\u00edticas p\u00fablicas que fomenten la pr\u00e1ctica deportiva, asegurando que ni\u00f1os y j\u00f3venes tengan acceso a oportunidades en este \u00e1mbito. Reconoci\u00f3, adem\u00e1s, la labor de los entrenadores, quienes acompa\u00f1an y motivan a los atletas en su camino al \u00e9xito.<br>\u00a0<br>Por su parte, la deportista paral\u00edmpica agradeci\u00f3 el reconocimiento, destacando el apoyo recibido de su familia, entrenadores y equipo t\u00e9cnico. \u201cEsta medalla es de todos. Invito a cada persona a creer y aferrarse a sus sue\u00f1os con el coraz\u00f3n y el alma, como yo lo hice para sorprender a la vida\u201d, se\u00f1al\u00f3 emocionada.<br>\u00a0<br>Tambi\u00e9n se entregaron los Premios Estatales del Deporte 2024 en distintas categor\u00edas:<br>\u00a0<br>&#8211;\u00a0 \u00a0 Fomento, Protecci\u00f3n o Impulso de la Pr\u00e1ctica de los Deportes: Miguel Isael Can S\u00e1nchez (Atletismo).<br>&#8211;\u00a0 \u00a0 Mejor Entrenador: Juan Ram\u00f3n Paredes Tufts (Paraatletismo).<br>&#8211;\u00a0 \u00a0 Medalla de Plata al M\u00e9rito Deportivo Yucateco, Mejor Deportista No Ol\u00edmpico: Carlos Manuel Franco Cant\u00f3n (Aguas Abiertas).<br>\u00a0<br>Asimismo, se reconoci\u00f3 al equipo de relevos 4&#215;100 metros, de personas con discapacidad visual y a las gimnastas r\u00edtmicas con medallas de plata al M\u00e9rito Deportivo Yucateco en las categor\u00edas de deportes paral\u00edmpicos y de conjunto, respectivamente.<br>\u00a0<br>Finalmente, se entregaron medallas de oro al M\u00e9rito Deportivo Yucateco a Sion Radamarys Galaviz Medina (Mejor Deportista Individual) y a Regina Alf\u00e9rez Licea (Mejor Deportista de Deporte de Conjunto).<br>\u00a0<br>El evento culmin\u00f3 con un homenaje a ex deportistas ol\u00edmpicos y paral\u00edmpicos, quienes, con su esfuerzo, abrieron el camino para las nuevas generaciones de atletas yucatecos.<\/p>\n","protected":false},"excerpt":{"rendered":"<p>En el marco de la entrega del Premio Estatal del Deporte y M\u00e9rito Deportivo Yucateco 2024, encabezado por el gobernador Joaqu\u00edn D\u00edaz Mena, los titulares del Instituto del Deporte de<\/p>\n","protected":false},"author":1,"featured_media":125897,"comment_status":"open","ping_status":"open","sticky":false,"template":"","format":"standard","meta":{"jetpack_post_was_ever_published":false,"_jetpack_newsletter_access":"","_jetpack_dont_email_post_to_subs":false,"_jetpack_newsletter_tier_id":0,"_jetpack_memberships_contains_paywalled_content":false,"_jetpack_memberships_contains_paid_content":false,"footnotes":"","jetpack_publicize_message":"","jetpack_publicize_feature_enabled":true,"jetpack_social_post_already_shared":true,"jetpack_social_options":{"image_generator_settings":{"template":"highway","default_image_id":0,"font":"","enabled":false},"version":2}},"categories":[14,17],"tags":[],"class_list":["post-125896","post","type-post","status-publish","format-standard","has-post-thumbnail","hentry","category-merida","category-politica-y-gobierno"],"jetpack_publicize_connections":[],"jetpack_featured_media_url":"https:\/\/formalprision.com\/wp-content\/uploads\/2024\/11\/FB_IMG_1731796616484.jpg","jetpack_sharing_enabled":true,"jetpack_shortlink":"https:\/\/wp.me\/p6id8p-wKA","_links":{"self":[{"href":"https:\/\/formalprision.com\/index.php?rest_route=\/wp\/v2\/posts\/125896","targetHints":{"allow":["GET"]}}],"collection":[{"href":"https:\/\/formalprision.com\/index.php?rest_route=\/wp\/v2\/posts"}],"about":[{"href":"https:\/\/formalprision.com\/index.php?rest_route=\/wp\/v2\/types\/post"}],"author":[{"embeddable":true,"href":"https:\/\/formalprision.com\/index.php?rest_route=\/wp\/v2\/users\/1"}],"replies":[{"embeddable":true,"href":"https:\/\/formalprision.com\/index.php?rest_route=%2Fwp%2Fv2%2Fcomments&post=125896"}],"version-history":[{"count":1,"href":"https:\/\/formalprision.com\/index.php?rest_route=\/wp\/v2\/posts\/125896\/revisions"}],"predecessor-version":[{"id":125898,"href":"https:\/\/formalprision.com\/index.php?rest_route=\/wp\/v2\/posts\/125896\/revisions\/125898"}],"wp:featuredmedia":[{"embeddable":true,"href":"https:\/\/formalprision.com\/index.php?rest_route=\/wp\/v2\/media\/125897"}],"wp:attachment":[{"href":"https:\/\/formalprision.com\/index.php?rest_route=%2Fwp%2Fv2%2Fmedia&parent=125896"}],"wp:term":[{"taxonomy":"category","embeddable":true,"href":"https:\/\/formalprision.com\/index.php?rest_route=%2Fwp%2Fv2%2Fcategories&post=125896"},{"taxonomy":"post_tag","embeddable":true,"href":"https:\/\/formalprision.com\/index.php?rest_route=%2Fwp%2Fv2%2Ftags&post=125896"}],"curies":[{"name":"wp","href":"https:\/\/api.w.org\/{rel}","templated":true}]}}