{"id":126,"date":"2015-05-21T23:44:00","date_gmt":"2015-05-21T23:44:00","guid":{"rendered":"http:\/\/formalprision.info\/2015\/05\/21\/anuncian-cambios-en-la-vialidad-de\/"},"modified":"2015-06-03T08:21:11","modified_gmt":"2015-06-03T08:21:11","slug":"anuncian-cambios-en-la-vialidad-de","status":"publish","type":"post","link":"https:\/\/formalprision.com\/?p=126","title":{"rendered":"Anuncian cambios en el Anillo Perif\u00e9rico"},"content":{"rendered":"<h2 style=\"color: rgba(0, 0, 0, 0.701961); font-family: UICTFontTextStyleBody; -webkit-composition-fill-color: rgba(130, 98, 83, 0.0980392); margin-right: 0cm; margin-left: 0cm;\">Con el fin de darle mayor seguridad y eficiencia al tr\u00e1fico del Anillo Perif\u00e9rico, integrantes del Consejo Consultivo de Tr\u00e1nsito y Vialidad aprobaron la realizaci\u00f3n de un estudio&nbsp;propuesto por el titular de la Secretar\u00eda de Seguridad P\u00fablica (SSP), comandante Luis Felipe Said\u00e9n Ojeda.Se determin\u00f3 retirar los sem\u00e1foros en la salida a Tixkokob, para lo cual se cerrar\u00e1 el camell\u00f3n central, por lo que los automovilistas tendr\u00e1n que llegar a los puentes a de la salida a Canc\u00fan y el de la calle 59 para entrar o salir de M\u00e9rida.Durante su intervenci\u00f3n, Said\u00e9n Ojeda dijo que el desarrollo econ\u00f3mico de Yucat\u00e1n da lugar a que muchas personas vengan a vivir y a invertir, lo que se traduce en un incremento de la cantidad de veh\u00edculos en circulaci\u00f3n. Este crecimiento ha originado que se tomen decisiones importantes en materia de vialidad para atender el tema.&nbsp;Entre los aspectos en los que se coincidi\u00f3 en la XIV sesi\u00f3n ordinaria destac\u00f3 la sugerencia de revisar las entradas y salidas de las calles laterales hacia esa v\u00eda central, con el objetivo de reducir los puntos de conflicto que pueden ocasionar colisiones.&nbsp;Esta medida implica corregir \u00e1ngulos de las incorporaciones al Perif\u00e9rico para evitar puntos ciegos.Acordaron hacer un recorrido por el Anillo Perif\u00e9rico acompa\u00f1ados por personal de la SSP, as\u00ed como de la Secretar\u00eda de Obras P\u00fablicas del Gobierno del Estado, el Instituto de Infraestructura Carretera de Yucat\u00e1n (Incay), la Fundaci\u00f3n Plan Estrat\u00e9gico de M\u00e9rida y la direcci\u00f3n del Obras P\u00fablicas del municipio.El &nbsp;titular estatal de Obras P\u00fablicas, Daniel Quintal Ic, precis\u00f3 que se analizar\u00e1n los puntos de mayor conflicto vial para dar mayor agilidad al tr\u00e1nsito.Dieron su aprobaci\u00f3n para &nbsp;remover los sem\u00e1foros en el cruce del Perif\u00e9rico con la carretera a Tixkokob. Se har\u00e1&nbsp;una modificaci\u00f3n vial y geom\u00e9trica, al igual que el cierre del camell\u00f3n central para que el flujo vial se canalice a los distribuidores de los entronques a Valladolid y la calle 59.&nbsp;La obra civil de las modificaciones estar\u00eda a cargo del Incay.Durante la sesi\u00f3n, los integrantes del Consejo, acordaron el ordenamiento de los flujos vehiculares &nbsp;en la avenida Andr\u00e9s Garc\u00eda Lav\u00edn con la calle 33, permitiendo cruces e incorporaciones con mayor seguridad y reduciendo las demoras.Se prev\u00e9n &nbsp;trabajos de obra civil para instalar sem\u00e1foros en esa direcci\u00f3n y &nbsp;la pavimentaci\u00f3n de la calle 29, entre la 10 y la avenida, para formar un par vial con la calle 33. Lo anterior,&nbsp;&nbsp;para &nbsp;interconectar la avenida Garc\u00eda Lav\u00edn con la zona Altabrisa.Tambi\u00e9n &nbsp;se presentaron estudios de impacto vial solicitados a partir de proyectos de construcci\u00f3n de &nbsp; locales comerciales, estaciones de servicio y centros comerciales.&nbsp;Asistieron a la sesi\u00f3n los representantes de las diversas c\u00e1maras empresariales, colegios de profesionistas, universidades, organizaciones de transportistas y funcionarios de los tres niveles del Gobierno.<\/p>\n<div class=\"separator\" style=\"clear: both;\"><a href=\"https:\/\/lh3.googleusercontent.com\/-XHfDLXtHIlI\/VV5uIDYSuOI\/AAAAAAAAoMw\/6idbc46qOuQ\/s640\/blogger-image-1140502015.jpg\" imageanchor=\"1\" style=\"margin-left: 1em; margin-right: 1em;\"><img decoding=\"async\" border=\"0\" src=\"https:\/\/lh3.googleusercontent.com\/-XHfDLXtHIlI\/VV5uIDYSuOI\/AAAAAAAAoMw\/6idbc46qOuQ\/s640\/blogger-image-1140502015.jpg\"><\/a><\/div>\n<p><\/p>\n<div><\/div>\n<\/h2>\n","protected":false},"excerpt":{"rendered":"<p>Con el fin de darle mayor seguridad y eficiencia al tr\u00e1fico del Anillo Perif\u00e9rico, integrantes del Consejo Consultivo de Tr\u00e1nsito y Vialidad aprobaron la realizaci\u00f3n de un estudio&nbsp;propuesto por el<\/p>\n","protected":false},"author":1,"featured_media":10257,"comment_status":"open","ping_status":"open","sticky":false,"template":"","format":"standard","meta":{"jetpack_post_was_ever_published":false,"_jetpack_newsletter_access":"","_jetpack_dont_email_post_to_subs":false,"_jetpack_newsletter_tier_id":0,"_jetpack_memberships_contains_paywalled_content":false,"_jetpack_memberships_contains_paid_content":false,"footnotes":"","jetpack_publicize_message":"","jetpack_publicize_feature_enabled":true,"jetpack_social_post_already_shared":false,"jetpack_social_options":{"image_generator_settings":{"template":"highway","default_image_id":0,"font":"","enabled":false},"version":2}},"categories":[7,9,3,1],"tags":[],"class_list":["post-126","post","type-post","status-publish","format-standard","has-post-thumbnail","hentry","category-breves","category-destacadas","category-portada","category-sin-categoria"],"jetpack_publicize_connections":[],"jetpack_featured_media_url":"https:\/\/formalprision.com\/wp-content\/uploads\/2015\/05\/blogger-image-1140502015.jpg","jetpack_sharing_enabled":true,"jetpack_shortlink":"https:\/\/wp.me\/p6id8p-22","_links":{"self":[{"href":"https:\/\/formalprision.com\/index.php?rest_route=\/wp\/v2\/posts\/126","targetHints":{"allow":["GET"]}}],"collection":[{"href":"https:\/\/formalprision.com\/index.php?rest_route=\/wp\/v2\/posts"}],"about":[{"href":"https:\/\/formalprision.com\/index.php?rest_route=\/wp\/v2\/types\/post"}],"author":[{"embeddable":true,"href":"https:\/\/formalprision.com\/index.php?rest_route=\/wp\/v2\/users\/1"}],"replies":[{"embeddable":true,"href":"https:\/\/formalprision.com\/index.php?rest_route=%2Fwp%2Fv2%2Fcomments&post=126"}],"version-history":[{"count":0,"href":"https:\/\/formalprision.com\/index.php?rest_route=\/wp\/v2\/posts\/126\/revisions"}],"wp:featuredmedia":[{"embeddable":true,"href":"https:\/\/formalprision.com\/index.php?rest_route=\/wp\/v2\/media\/10257"}],"wp:attachment":[{"href":"https:\/\/formalprision.com\/index.php?rest_route=%2Fwp%2Fv2%2Fmedia&parent=126"}],"wp:term":[{"taxonomy":"category","embeddable":true,"href":"https:\/\/formalprision.com\/index.php?rest_route=%2Fwp%2Fv2%2Fcategories&post=126"},{"taxonomy":"post_tag","embeddable":true,"href":"https:\/\/formalprision.com\/index.php?rest_route=%2Fwp%2Fv2%2Ftags&post=126"}],"curies":[{"name":"wp","href":"https:\/\/api.w.org\/{rel}","templated":true}]}}