{"id":126425,"date":"2024-12-01T19:22:30","date_gmt":"2024-12-02T00:22:30","guid":{"rendered":"https:\/\/formalprision.com\/?p=126425"},"modified":"2024-12-01T19:22:30","modified_gmt":"2024-12-02T00:22:30","slug":"cecilia-patron-agradece-a-los-meridanos-por-hacer-suya-la-noche-blanca","status":"publish","type":"post","link":"https:\/\/formalprision.com\/?p=126425","title":{"rendered":"Cecilia Patr\u00f3n agradece a los meridanos por hacer suya La Noche Blanca"},"content":{"rendered":"\n<p>M\u00c9RIDA, Yucat\u00e1n.- \u201cPorque La Noche Blanca es de los meridanos. Son quienes le dan vida y alegr\u00eda a esta ciudad. Agradezco a todos los que se involucraron para lograr el \u00e9xito de esta gran velada y su V\u00edspera\u201d, afirm\u00f3 la Presidenta Municipal de M\u00e9rida, Cecilia Patr\u00f3n Laviada.<\/p>\n\n\n\n<p>Con una asistencia que super\u00f3 los 60 mil espectadores, en esta fiesta se hizo lo que nunca se hab\u00eda hecho, acercar el arte y la cultura a todos los puntos cardinales de la ciudad y comisar\u00edas.<\/p>\n\n\n\n<p>\u201cPorque buscamos la justicia social, el piso parejo para todos y definitivamente la cultura es una extraordinaria herramienta de unidad\u201d, subray\u00f3.<\/p>\n\n\n\n<p>Participaron 585 artistas en esta edici\u00f3n con 251 actividades en 98 sedes que llegaron a colonias como en el Centro Cultural del Sur, Centro Municipal de Danza y Centro Cultural Wallis, as\u00ed c\u00f3mo la comisar\u00eda de Caucel.<\/p>\n\n\n\n<p>Participaron las galer\u00edas con Arte 1010, Praxis Havana Art Studio &amp; Lab Desing, Lux Perpetua Art Centre, Nahualli Casa de los Artistas, La Casa Azul de Rosa y Filux Lab entre muchos m\u00e1s.<\/p>\n\n\n\n<p>La m\u00fasica se hizo presente en el parque de Santiago la presentaci\u00f3n de I&amp;I Sinf\u00f3nico en su 25 aniversario, un toque de bachata en el Parque de Santa Ana con Recoveco y recordando el jazz de los a\u00f1os 20\u00b4s y 50\u00b4s con Tea For Two Quinet en el parque de la Paz.<\/p>\n\n\n\n<p>Desde el Barrio de San Juan se vivi\u00f3 la velada con los Liberarios con m\u00e1s de 25 a\u00f1os de trayectoria, y el cierre estelar en Plaza Grande con Jenny and the Mexicats dando ritmo y emoci\u00f3n a esta noche de arte a tope.<\/p>\n\n\n\n<p>Adem\u00e1s, se cont\u00f3 con puestas teatrales como Momo de T\u00edtere Planet una apuesta de arte e inclusividad con las personas con discapacidad, El aroma del tiempo en el Teatro la Rendija, y El Secreto de mi Hamaca en el parque de San Juan con Erik \u00c1vila \u201cCuxum\u201d y su compa\u00f1\u00eda de Teatro Regional.<\/p>\n\n\n\n<p>\u201cSeguiremos trabajando para que la cultura sea siempre un referente de nuestra amada M\u00e9rida. La cultura nos da cohesi\u00f3n social, la cultura nos da unidad, nos da identidad comunitaria y por lo tanto da seguridad, armon\u00eda y paz para los meridanos\u201d puntualiz\u00f3 Cecilia Patr\u00f3n.<\/p>\n\n\n\n<p>PROSPERIDAD<\/p>\n\n\n\n<p>Un aspecto muy importante de La Noche Blanca y La V\u00edspera es el impulso a la econom\u00eda local, desde la participaci\u00f3n de emprendedores en diferentes sedes, as\u00ed como el impacto en el sector tur\u00edstico, en restaurantes, hoteles y dem\u00e1s servicios.<\/p>\n\n\n\n<p>\u201cAdem\u00e1s del fortalecimiento cultural, La Noche Blanca y su V\u00edspera significan un beneficio econ\u00f3mico para cientos de familias meridanas, y por tanto la construcci\u00f3n de justicia social que es prioridad en esta nueva forma de gobernar\u201d, subray\u00f3 la Alcaldesa.<\/p>\n\n\n\n<p>Variados productos y artesan\u00edas elaboradas por manos locales se expusieron en parques y calles con positivos resultados para las agrupaciones de emprendedores que se unieron a esta noche de \u201carte a tope\u201d.<\/p>\n\n\n\n<p>Los asistentes llenaron los locales de Bazares Creativos + Mercado Verde, CANADEM, Centro Municipal de Emprendedores, Sal\u00f3n del Noveno Arte, Arteverso y Centro Cultural Wallis y Mal\u00ed Bazar.<\/p>\n\n\n\n<p>Tambi\u00e9n se vivi\u00f3 la gastronom\u00eda yucateca en puestos de antojitos, food trucks y la destacada Feria del Panucho en el Barrio M\u00e1gico de la Ermita de Santa Isabel, que registr\u00f3 m\u00e1s de 200 mil pesos de ingresos para los 25 participantes.<\/p>\n\n\n\n<p>Otro de los eventos emblem\u00e1ticos fue una mezcla entre arte y moda con el desfile Yucat\u00e1n Total Look by Canaive con proyecci\u00f3n de video mapping, en el Parque de la Paz.<\/p>\n\n\n\n<p>Restaurantes afiliados a la C\u00e1mara Nacional de la Industria de Restaurantes y Alimentos Condimentados (CANIRAC) localizados en el Centro Hist\u00f3rico, registraron alta concurrencia con beneficio para los comensales pues otorgaron descuentos a los visitantes de La Noche Blanca.<\/p>\n\n\n\n<p>\u201cLos ingresos del sector tur\u00edstico son los que m\u00e1s se distribuyen pues llegan al due\u00f1o del hotel, al mesero, al calesero, al taxista, al artesano, al restaurantero. Por lo que seguiremos impulsando todo lo que signifique m\u00e1s ingresos para las familias\u201d, puntualiz\u00f3 Cecilia.<\/p>\n","protected":false},"excerpt":{"rendered":"<p>M\u00c9RIDA, Yucat\u00e1n.- \u201cPorque La Noche Blanca es de los meridanos. Son quienes le dan vida y alegr\u00eda a esta ciudad. Agradezco a todos los que se involucraron para lograr el<\/p>\n","protected":false},"author":2,"featured_media":126427,"comment_status":"open","ping_status":"open","sticky":false,"template":"","format":"standard","meta":{"jetpack_post_was_ever_published":false,"_jetpack_newsletter_access":"","_jetpack_dont_email_post_to_subs":false,"_jetpack_newsletter_tier_id":0,"_jetpack_memberships_contains_paywalled_content":false,"_jetpack_memberships_contains_paid_content":false,"footnotes":"","jetpack_publicize_message":"","jetpack_publicize_feature_enabled":true,"jetpack_social_post_already_shared":true,"jetpack_social_options":{"image_generator_settings":{"template":"highway","default_image_id":0,"font":"","enabled":false},"version":2}},"categories":[14],"tags":[],"class_list":["post-126425","post","type-post","status-publish","format-standard","has-post-thumbnail","hentry","category-merida"],"jetpack_publicize_connections":[],"jetpack_featured_media_url":"https:\/\/formalprision.com\/wp-content\/uploads\/2024\/12\/WhatsApp-Image-2024-12-01-at-5.43.55-PM.jpeg","jetpack_sharing_enabled":true,"jetpack_shortlink":"https:\/\/wp.me\/p6id8p-wT7","_links":{"self":[{"href":"https:\/\/formalprision.com\/index.php?rest_route=\/wp\/v2\/posts\/126425","targetHints":{"allow":["GET"]}}],"collection":[{"href":"https:\/\/formalprision.com\/index.php?rest_route=\/wp\/v2\/posts"}],"about":[{"href":"https:\/\/formalprision.com\/index.php?rest_route=\/wp\/v2\/types\/post"}],"author":[{"embeddable":true,"href":"https:\/\/formalprision.com\/index.php?rest_route=\/wp\/v2\/users\/2"}],"replies":[{"embeddable":true,"href":"https:\/\/formalprision.com\/index.php?rest_route=%2Fwp%2Fv2%2Fcomments&post=126425"}],"version-history":[{"count":1,"href":"https:\/\/formalprision.com\/index.php?rest_route=\/wp\/v2\/posts\/126425\/revisions"}],"predecessor-version":[{"id":126426,"href":"https:\/\/formalprision.com\/index.php?rest_route=\/wp\/v2\/posts\/126425\/revisions\/126426"}],"wp:featuredmedia":[{"embeddable":true,"href":"https:\/\/formalprision.com\/index.php?rest_route=\/wp\/v2\/media\/126427"}],"wp:attachment":[{"href":"https:\/\/formalprision.com\/index.php?rest_route=%2Fwp%2Fv2%2Fmedia&parent=126425"}],"wp:term":[{"taxonomy":"category","embeddable":true,"href":"https:\/\/formalprision.com\/index.php?rest_route=%2Fwp%2Fv2%2Fcategories&post=126425"},{"taxonomy":"post_tag","embeddable":true,"href":"https:\/\/formalprision.com\/index.php?rest_route=%2Fwp%2Fv2%2Ftags&post=126425"}],"curies":[{"name":"wp","href":"https:\/\/api.w.org\/{rel}","templated":true}]}}