{"id":126428,"date":"2024-12-02T07:34:41","date_gmt":"2024-12-02T12:34:41","guid":{"rendered":"https:\/\/formalprision.com\/?p=126428"},"modified":"2024-12-02T22:46:58","modified_gmt":"2024-12-03T03:46:58","slug":"junto-a-cientos-de-familias-cecilia-patron-da-la-bienvenida-a-la-temporada-navidena-en-merida","status":"publish","type":"post","link":"https:\/\/formalprision.com\/?p=126428","title":{"rendered":"Junto a cientos de familias, Cecilia Patr\u00f3n da la bienvenida a la temporada navide\u00f1a"},"content":{"rendered":"\n<p>M\u00c9RIDA, Yucat\u00e1n.- En un ambiente festivo, de algarab\u00eda y unidad, la Presidenta Municipal de M\u00e9rida, Cecilia Patr\u00f3n Laviada, dio la bienvenida a las festividades decembrinas con el tradicional encendido del \u00e1rbol navide\u00f1o en el Remate de Paseo de Montejo y el Parque de las Am\u00e9ricas y la iluminaci\u00f3n de avenidas y espacios p\u00fablicos de la ciudad.<\/p>\n\n\n\n<p>Acompa\u00f1ada de cientos de familias, la Alcaldesa encabez\u00f3 el conteo que marc\u00f3 el inicio de una de las \u00e9pocas m\u00e1s esperadas del a\u00f1o, y dio paso a un emocionante espect\u00e1culo de fuegos artificiales.<\/p>\n\n\n\n<p>En su mensaje, Cecilia pidi\u00f3 a los meridanos que esta \u00e9poca sea la oportunidad de revalorar la unidad y paz que caracteriza a la capital yucateca.<\/p>\n\n\n\n<p>\u201cEstoy muy feliz porque este hermoso momento nos recuerda que lo m\u00e1s valioso es la armon\u00eda y que debemos trabajar por ella todos los d\u00edas, todos unidos en comunidad\u201d, expres\u00f3 la Alcaldesa.<\/p>\n\n\n\n<p>\u201cCon el mismo entusiasmo que sentimos en este momento, desde el Ayuntamiento seguiremos trabajando arduamente 24\/7, para abonar a que nuestros hijos puedan vivir tranquilos en una ciudad que privilegia la paz y la justicia social\u201d, subray\u00f3.<\/p>\n\n\n\n<p>Posteriormente se presentaron bailes y espect\u00e1culos navide\u00f1os, culminando con los estelares \u201cToy Factory al rescate de la Navidad\u201d y la presentaci\u00f3n de Morita.<\/p>\n\n\n\n<p>La Direcci\u00f3n de Servicios P\u00fablicos del Ayuntamiento de M\u00e9rida instal\u00f3 en las principales calles, avenidas, glorietas y parques diversas figuras con motivos navide\u00f1os.<\/p>\n\n\n\n<p>Se rehabilitaron m\u00e1s de mil adornos elaborados por personal de la dependencia, como bastones, renos, casas de jengibre, cajas de regalo, osos gigantes, trineos de santa, soldados, esferas gigantes, buz\u00f3n de los deseos y diferentes mu\u00f1ecos navide\u00f1os y m\u00e1s.<\/p>\n\n\n\n<p>Estas figuras navide\u00f1as iluminar\u00e1n lugares como los parques de Santiago, Santa Luc\u00eda, Las Am\u00e9ricas, fraccionamiento Juan Pablo II, fraccionamiento del Parque, colonia Alem\u00e1n, colonia M\u00e9xico, Salvador Alvarado en Cordemex, el \u00e1rea verde del Paso a desnivel cerca de la Gran Plaza y la calle 60 del Centro de la 53 hasta la 47.<\/p>\n\n\n\n<p>Tan solo en el Remate del Paseo de Montejo la decoraci\u00f3n consiste en una cortina de luces destellantes en la entrada, un \u00e1rbol navide\u00f1o gigante con m\u00e1s de 7 mil luces multicolor de LED con efectos luminosos, 17 adornos tipo pend\u00f3n en postes, figuras luminosas en 3D, 230 esferas en \u00e1rboles, un sill\u00f3n y un buz\u00f3n de los deseos y la iluminaci\u00f3n en tronco de 20 \u00e1rboles.<\/p>\n\n\n\n<p>El objetivo es crear un ambiente festivo y acogedor que invite a las familias a disfrutar del esp\u00edritu navide\u00f1o para hacer suyos los espacios p\u00fablicos, brindando sentido de pertenencia y de identidad comunitaria que permiten convivir en armon\u00eda y paz social.<\/p>\n\n\n\n<p>El Ayuntamiento realizar\u00e1 a lo largo del mes diversos eventos para la convivencia de las familias a trav\u00e9s de las Fiestas M\u00e1gicas, principalmente en las colonias Cordemex, Melit\u00f3n Salazar, Emiliano Zapata Oriente, Bosques del Poniente, Los Reyes, Residencial Pensiones, Mulsay, Nueva Mayap\u00e1n, Nora Quintana, Jardines del sur, San Pablo Oriente, Pedregales de Lindavista, Fraccionamiento Yucalpet\u00e9n y la colonia Jes\u00fas Carranza.<\/p>\n\n\n\n<p>M\u00e1s informaci\u00f3n en la p\u00e1gina oficial merida.gob.mx<\/p>\n","protected":false},"excerpt":{"rendered":"<p>M\u00c9RIDA, Yucat\u00e1n.- En un ambiente festivo, de algarab\u00eda y unidad, la Presidenta Municipal de M\u00e9rida, Cecilia Patr\u00f3n Laviada, dio la bienvenida a las festividades decembrinas con el tradicional encendido del<\/p>\n","protected":false},"author":2,"featured_media":126430,"comment_status":"open","ping_status":"open","sticky":false,"template":"","format":"standard","meta":{"jetpack_post_was_ever_published":false,"_jetpack_newsletter_access":"","_jetpack_dont_email_post_to_subs":false,"_jetpack_newsletter_tier_id":0,"_jetpack_memberships_contains_paywalled_content":false,"_jetpack_memberships_contains_paid_content":false,"footnotes":"","jetpack_publicize_message":"","jetpack_publicize_feature_enabled":true,"jetpack_social_post_already_shared":true,"jetpack_social_options":{"image_generator_settings":{"template":"highway","default_image_id":0,"font":"","enabled":false},"version":2}},"categories":[14],"tags":[],"class_list":["post-126428","post","type-post","status-publish","format-standard","has-post-thumbnail","hentry","category-merida"],"jetpack_publicize_connections":[],"jetpack_featured_media_url":"https:\/\/formalprision.com\/wp-content\/uploads\/2024\/12\/WhatsApp-Image-2024-12-01-at-10.06.55-PM.jpeg","jetpack_sharing_enabled":true,"jetpack_shortlink":"https:\/\/wp.me\/p6id8p-wTa","_links":{"self":[{"href":"https:\/\/formalprision.com\/index.php?rest_route=\/wp\/v2\/posts\/126428","targetHints":{"allow":["GET"]}}],"collection":[{"href":"https:\/\/formalprision.com\/index.php?rest_route=\/wp\/v2\/posts"}],"about":[{"href":"https:\/\/formalprision.com\/index.php?rest_route=\/wp\/v2\/types\/post"}],"author":[{"embeddable":true,"href":"https:\/\/formalprision.com\/index.php?rest_route=\/wp\/v2\/users\/2"}],"replies":[{"embeddable":true,"href":"https:\/\/formalprision.com\/index.php?rest_route=%2Fwp%2Fv2%2Fcomments&post=126428"}],"version-history":[{"count":2,"href":"https:\/\/formalprision.com\/index.php?rest_route=\/wp\/v2\/posts\/126428\/revisions"}],"predecessor-version":[{"id":126440,"href":"https:\/\/formalprision.com\/index.php?rest_route=\/wp\/v2\/posts\/126428\/revisions\/126440"}],"wp:featuredmedia":[{"embeddable":true,"href":"https:\/\/formalprision.com\/index.php?rest_route=\/wp\/v2\/media\/126430"}],"wp:attachment":[{"href":"https:\/\/formalprision.com\/index.php?rest_route=%2Fwp%2Fv2%2Fmedia&parent=126428"}],"wp:term":[{"taxonomy":"category","embeddable":true,"href":"https:\/\/formalprision.com\/index.php?rest_route=%2Fwp%2Fv2%2Fcategories&post=126428"},{"taxonomy":"post_tag","embeddable":true,"href":"https:\/\/formalprision.com\/index.php?rest_route=%2Fwp%2Fv2%2Ftags&post=126428"}],"curies":[{"name":"wp","href":"https:\/\/api.w.org\/{rel}","templated":true}]}}