{"id":128,"date":"2015-05-21T23:24:00","date_gmt":"2015-05-21T23:24:00","guid":{"rendered":"http:\/\/formalprision.info\/2015\/05\/21\/inauguran-primer-foro-de-politica\/"},"modified":"2015-06-03T08:21:11","modified_gmt":"2015-06-03T08:21:11","slug":"inauguran-primer-foro-de-politica","status":"publish","type":"post","link":"https:\/\/formalprision.com\/?p=128","title":{"rendered":"Inauguran primer Foro de Pol\u00edtica Exterior de la entidad."},"content":{"rendered":"<h2 style=\"color: rgba(0, 0, 0, 0.701961); font-family: UICTFontTextStyleBody; -webkit-composition-fill-color: rgba(130, 98, 83, 0.0980392); margin-right: 0cm; margin-left: 0cm;\">M\u00e9rida, Yucat\u00e1n, 21 de mayo de 2015.- Con la presencia de diplom\u00e1ticos, acad\u00e9micos y estudiantes universitarios, el Gobernador Rolando Zapata Bello recalc\u00f3 que la integraci\u00f3n de Yucat\u00e1n en el mundo globalizado est\u00e1 en manos de quienes se preparan en instituciones de nivel superior, pues sus aportaciones son valiosas para asegurar oportunidades de \u00e9xito y consolidar la presencia de la entidad en el extranjero.<\/h2>\n<h2 style=\"color: rgba(0, 0, 0, 0.701961); font-family: UICTFontTextStyleBody; -webkit-composition-fill-color: rgba(130, 98, 83, 0.0980392); margin-right: 0cm; margin-left: 0cm;\">Al encabezar la ceremonia de inauguraci\u00f3n &nbsp;del primer Foro de Pol\u00edtica Exterior de Yucat\u00e1n: Tendencias y Perspectivas de sus Relaciones Internacionales, el mandatario destac\u00f3 la importancia de animar a que los alumnos salgan al mundo para incrementar sus conocimientos y a su regreso al territorio contribuyan a posicionarlo en el plano internacional.<\/h2>\n<h2 style=\"color: rgba(0, 0, 0, 0.701961); font-family: UICTFontTextStyleBody; -webkit-composition-fill-color: rgba(130, 98, 83, 0.0980392); margin-right: 0cm; margin-left: 0cm;\">Esta casa de estudios se suma a dicho objetivo, al ser un puntal en la promoci\u00f3n del intercambio cient\u00edfico y educativo, enfatiz\u00f3 el titular del Poder Ejecutivo durante el evento realizado en el auditorio de la Facultad de Econom\u00eda, ubicada en el Campus de Ciencias Sociales, Econ\u00f3mico-Administrativas y de Humanidades de la Universidad Aut\u00f3noma de Yucat\u00e1n (UADY).<\/h2>\n<h2 style=\"color: rgba(0, 0, 0, 0.701961); font-family: UICTFontTextStyleBody; -webkit-composition-fill-color: rgba(130, 98, 83, 0.0980392); margin-right: 0cm; margin-left: 0cm;\">\u201cContamos con los recursos humanos y la ventaja geogr\u00e1fica para lograr la internacionalizaci\u00f3n plena de Yucat\u00e1n, esos elementos nos permiten fomentar las inversiones y el crecimiento empresarial del estado, impulsar el turismo, la educaci\u00f3n y la cooperaci\u00f3n mundial\u201d, asever\u00f3 Zapata Bello acompa\u00f1ado del director General del Instituto \u201cMat\u00edas Romero\u201d, Alfonso de Mar\u00eda y Campos Castell\u00f3.<\/h2>\n<h2 style=\"color: rgba(0, 0, 0, 0.701961); font-family: UICTFontTextStyleBody; -webkit-composition-fill-color: rgba(130, 98, 83, 0.0980392); margin-right: 0cm; margin-left: 0cm;\">El Gobernador agreg\u00f3 que actualmente existen dos v\u00edas de acci\u00f3n para alcanzar ese posicionamiento, la primera es expandir las fronteras&nbsp;con relaciones fraternas como las que existen con China, Estados Unidos, el Gran Caribe, Francia e Italia; y la segunda es atraer a empresas que deseen invertir y fomentar el turismo.<\/h2>\n<h2 style=\"color: rgba(0, 0, 0, 0.701961); font-family: UICTFontTextStyleBody; -webkit-composition-fill-color: rgba(130, 98, 83, 0.0980392); margin-right: 0cm; margin-left: 0cm;\">Al hacer uso de la palabra, el rector de la UADY, Jos\u00e9 de Jes\u00fas Williams, afirm\u00f3 que&nbsp; dicha instituci\u00f3n tiene la obligaci\u00f3n de proporcionar a la sociedad profesionales capacitados para analizar, idear y ejecutar planes en materia de pol\u00edtica exterior, a fin de impulsar las actividades econ\u00f3micas, sociales y culturales de Yucat\u00e1n.<\/h2>\n<h2 style=\"color: rgba(0, 0, 0, 0.701961); font-family: UICTFontTextStyleBody; -webkit-composition-fill-color: rgba(130, 98, 83, 0.0980392); margin-right: 0cm; margin-left: 0cm;\">Esta casa de estudios, dijo, es un aliado dispuesto a respaldar las acciones que el Gobierno del Estado decida emprender en materia de apertura.<\/h2>\n<h2 style=\"color: rgba(0, 0, 0, 0.701961); font-family: UICTFontTextStyleBody; -webkit-composition-fill-color: rgba(130, 98, 83, 0.0980392); margin-right: 0cm; margin-left: 0cm;\">En este Foro se analizar\u00e1n las relaciones internacionales de Yucat\u00e1n bajo la pol\u00edtica exterior mexicana desde un enfoque econ\u00f3mico y diplom\u00e1tico, para establecer l\u00edneas de trabajo que potencialicen su participaci\u00f3n en la din\u00e1mica global. &nbsp;<\/h2>\n<h2 style=\"color: rgba(0, 0, 0, 0.701961); font-family: UICTFontTextStyleBody; -webkit-composition-fill-color: rgba(130, 98, 83, 0.0980392); margin-right: 0cm; margin-left: 0cm;\">Entre las actividades que se desarrollar\u00e1n se encuentra la ponencia \u201cPol\u00edtica exterior mexicana: tendencias y perspectivas\u201d, a cargo de Campos Castell\u00f3; as\u00ed como la conferencia \u201cM\u00e9xico y Yucat\u00e1n en la ruta hacia Asia y el Pac\u00edfico\u201d, del presidente de la Comisi\u00f3n de Relaciones Exteriores Asia-Pac\u00edfico del Senado de la Rep\u00fablica, Te\u00f3filo Torres Corzo.<\/h2>\n<h2 style=\"color: rgba(0, 0, 0, 0.701961); font-family: UICTFontTextStyleBody; -webkit-composition-fill-color: rgba(130, 98, 83, 0.0980392); margin-right: 0cm; margin-left: 0cm;\">&nbsp;Tambi\u00e9n participar\u00e1&nbsp; el jefe del Despacho del Gobernador, Eric Rubio Barthell con la charla \u201cPol\u00edtica exterior de Yucat\u00e1n: desaf\u00edos como actor estrat\u00e9gico\u201d.<\/h2>\n<h2 style=\"color: rgba(0, 0, 0, 0.701961); font-family: UICTFontTextStyleBody; -webkit-composition-fill-color: rgba(130, 98, 83, 0.0980392); margin-right: 0cm; margin-left: 0cm;\">Adem\u00e1s de estudiantes y acad\u00e9micos, entre los invitados se encontraban los c\u00f3nsules de Estados Unidos, Sonya Tsiros; honorario de Francia, Mario Ancona Teigell y de Cuba, Jorge Garc\u00eda Cecilia; as\u00ed como el senador, Jorge&nbsp;Ar\u00e9chiga \u00c1vila.<\/h2>\n<div>\n<div class=\"separator\" style=\"clear: both;\"><a href=\"https:\/\/lh3.googleusercontent.com\/-60DDrysU0AI\/VV5pnQMlwPI\/AAAAAAAAoMc\/ZXn-kkzZESM\/s640\/blogger-image--1159206639.jpg\" imageanchor=\"1\" style=\"margin-left: 1em; margin-right: 1em;\"><img decoding=\"async\" border=\"0\" src=\"https:\/\/lh3.googleusercontent.com\/-60DDrysU0AI\/VV5pnQMlwPI\/AAAAAAAAoMc\/ZXn-kkzZESM\/s640\/blogger-image--1159206639.jpg\"><\/a><\/div>\n<p><\/div>\n<div><\/div>\n<h2 style=\"color: rgba(0, 0, 0, 0.701961); font-family: UICTFontTextStyleBody; -webkit-composition-fill-color: rgba(130, 98, 83, 0.0980392); margin-right: 0cm; margin-left: 0cm;\"><\/h2>\n","protected":false},"excerpt":{"rendered":"<p>M\u00e9rida, Yucat\u00e1n, 21 de mayo de 2015.- Con la presencia de diplom\u00e1ticos, acad\u00e9micos y estudiantes universitarios, el Gobernador Rolando Zapata Bello recalc\u00f3 que la integraci\u00f3n de Yucat\u00e1n en el mundo<\/p>\n","protected":false},"author":1,"featured_media":10261,"comment_status":"open","ping_status":"open","sticky":false,"template":"","format":"standard","meta":{"jetpack_post_was_ever_published":false,"_jetpack_newsletter_access":"","_jetpack_dont_email_post_to_subs":false,"_jetpack_newsletter_tier_id":0,"_jetpack_memberships_contains_paywalled_content":false,"_jetpack_memberships_contains_paid_content":false,"footnotes":"","jetpack_publicize_message":"","jetpack_publicize_feature_enabled":true,"jetpack_social_post_already_shared":false,"jetpack_social_options":{"image_generator_settings":{"template":"highway","default_image_id":0,"font":"","enabled":false},"version":2}},"categories":[17,1],"tags":[],"class_list":["post-128","post","type-post","status-publish","format-standard","has-post-thumbnail","hentry","category-politica-y-gobierno","category-sin-categoria"],"jetpack_publicize_connections":[],"jetpack_featured_media_url":"https:\/\/formalprision.com\/wp-content\/uploads\/2015\/05\/blogger-image-1159206639.jpg","jetpack_sharing_enabled":true,"jetpack_shortlink":"https:\/\/wp.me\/p6id8p-24","_links":{"self":[{"href":"https:\/\/formalprision.com\/index.php?rest_route=\/wp\/v2\/posts\/128","targetHints":{"allow":["GET"]}}],"collection":[{"href":"https:\/\/formalprision.com\/index.php?rest_route=\/wp\/v2\/posts"}],"about":[{"href":"https:\/\/formalprision.com\/index.php?rest_route=\/wp\/v2\/types\/post"}],"author":[{"embeddable":true,"href":"https:\/\/formalprision.com\/index.php?rest_route=\/wp\/v2\/users\/1"}],"replies":[{"embeddable":true,"href":"https:\/\/formalprision.com\/index.php?rest_route=%2Fwp%2Fv2%2Fcomments&post=128"}],"version-history":[{"count":0,"href":"https:\/\/formalprision.com\/index.php?rest_route=\/wp\/v2\/posts\/128\/revisions"}],"wp:featuredmedia":[{"embeddable":true,"href":"https:\/\/formalprision.com\/index.php?rest_route=\/wp\/v2\/media\/10261"}],"wp:attachment":[{"href":"https:\/\/formalprision.com\/index.php?rest_route=%2Fwp%2Fv2%2Fmedia&parent=128"}],"wp:term":[{"taxonomy":"category","embeddable":true,"href":"https:\/\/formalprision.com\/index.php?rest_route=%2Fwp%2Fv2%2Fcategories&post=128"},{"taxonomy":"post_tag","embeddable":true,"href":"https:\/\/formalprision.com\/index.php?rest_route=%2Fwp%2Fv2%2Ftags&post=128"}],"curies":[{"name":"wp","href":"https:\/\/api.w.org\/{rel}","templated":true}]}}