{"id":128716,"date":"2025-02-14T16:25:35","date_gmt":"2025-02-14T21:25:35","guid":{"rendered":"https:\/\/formalprision.com\/?p=128716"},"modified":"2025-02-14T18:59:06","modified_gmt":"2025-02-14T23:59:06","slug":"avanza-la-implementacion-del-programa-vivienda-para-el-bienestar-en-yucatan","status":"publish","type":"post","link":"https:\/\/formalprision.com\/?p=128716","title":{"rendered":"Avanza la implementaci\u00f3n del programa Vivienda para el Bienestar en Yucat\u00e1n"},"content":{"rendered":"\n<p>M\u00e9rida Yucat\u00e1n, a 14 de febrero de 2025-Esta ma\u00f1ana se llev\u00f3 a cabo una reuni\u00f3n entre representantes de los tres niveles de gobierno para avanzar en la implementaci\u00f3n del programa Vivienda para el Bienestar en Yucat\u00e1n, con el que se busca llevar a cabo la construcci\u00f3n de casas para las personas m\u00e1s necesitadas de la entidad.<\/p>\n\n\n\n<p>Estuvo la titular de la Secretar\u00eda de Desarrollo Agrario, Territorial y Urbano del Gobierno de M\u00e9xico (SEDATU), Edna Vega Rangel, qui\u00e9n explic\u00f3 que el programa consiste en construir un mill\u00f3n de viviendas en todo el pa\u00eds y agreg\u00f3 que tambi\u00e9n se llevar\u00e1n a cabo procesos de regularizaci\u00f3n con la colaboraci\u00f3n del Fondo de la Vivienda del Instituto de Seguridad y Servicios Sociales de los Trabajadores del Estado (Fovissste).<\/p>\n\n\n\n<p>El gobernador, Joaqu\u00edn \u00abHuachinango\u00bb D\u00edaz Mena agradeci\u00f3 a los presidentes municipales su disponibilidad para poder encontrar los terrenos \u201cpara dotar a sus municipios de vivienda y que los podamos mandar revisar, en cuanto a la parte jur\u00eddica, la ubicaci\u00f3n, y poder hacer, m\u00e1ximo, la semana pr\u00f3xima, un listado y un diagn\u00f3stico, palomeando donde ya se cumpli\u00f3 y poder firmar el convenio lo antes posible para que en Yucat\u00e1n podamos captar el mayor n\u00famero de estas viviendas\u201d, subray\u00f3.<\/p>\n","protected":false},"excerpt":{"rendered":"<p>M\u00e9rida Yucat\u00e1n, a 14 de febrero de 2025-Esta ma\u00f1ana se llev\u00f3 a cabo una reuni\u00f3n entre representantes de los tres niveles de gobierno para avanzar en la implementaci\u00f3n del programa<\/p>\n","protected":false},"author":1,"featured_media":128717,"comment_status":"open","ping_status":"open","sticky":false,"template":"","format":"standard","meta":{"jetpack_post_was_ever_published":false,"_jetpack_newsletter_access":"","_jetpack_dont_email_post_to_subs":false,"_jetpack_newsletter_tier_id":0,"_jetpack_memberships_contains_paywalled_content":false,"_jetpack_memberships_contains_paid_content":false,"footnotes":"","jetpack_publicize_message":"","jetpack_publicize_feature_enabled":true,"jetpack_social_post_already_shared":true,"jetpack_social_options":{"image_generator_settings":{"template":"highway","default_image_id":0,"font":"","enabled":false},"version":2}},"categories":[54],"tags":[],"class_list":["post-128716","post","type-post","status-publish","format-standard","has-post-thumbnail","hentry","category-yucatan"],"jetpack_publicize_connections":[],"jetpack_featured_media_url":"https:\/\/formalprision.com\/wp-content\/uploads\/2025\/02\/FB_IMG_1739567360226.jpg","jetpack_sharing_enabled":true,"jetpack_shortlink":"https:\/\/wp.me\/p6id8p-xu4","_links":{"self":[{"href":"https:\/\/formalprision.com\/index.php?rest_route=\/wp\/v2\/posts\/128716","targetHints":{"allow":["GET"]}}],"collection":[{"href":"https:\/\/formalprision.com\/index.php?rest_route=\/wp\/v2\/posts"}],"about":[{"href":"https:\/\/formalprision.com\/index.php?rest_route=\/wp\/v2\/types\/post"}],"author":[{"embeddable":true,"href":"https:\/\/formalprision.com\/index.php?rest_route=\/wp\/v2\/users\/1"}],"replies":[{"embeddable":true,"href":"https:\/\/formalprision.com\/index.php?rest_route=%2Fwp%2Fv2%2Fcomments&post=128716"}],"version-history":[{"count":1,"href":"https:\/\/formalprision.com\/index.php?rest_route=\/wp\/v2\/posts\/128716\/revisions"}],"predecessor-version":[{"id":128718,"href":"https:\/\/formalprision.com\/index.php?rest_route=\/wp\/v2\/posts\/128716\/revisions\/128718"}],"wp:featuredmedia":[{"embeddable":true,"href":"https:\/\/formalprision.com\/index.php?rest_route=\/wp\/v2\/media\/128717"}],"wp:attachment":[{"href":"https:\/\/formalprision.com\/index.php?rest_route=%2Fwp%2Fv2%2Fmedia&parent=128716"}],"wp:term":[{"taxonomy":"category","embeddable":true,"href":"https:\/\/formalprision.com\/index.php?rest_route=%2Fwp%2Fv2%2Fcategories&post=128716"},{"taxonomy":"post_tag","embeddable":true,"href":"https:\/\/formalprision.com\/index.php?rest_route=%2Fwp%2Fv2%2Ftags&post=128716"}],"curies":[{"name":"wp","href":"https:\/\/api.w.org\/{rel}","templated":true}]}}