{"id":128737,"date":"2025-02-14T23:42:29","date_gmt":"2025-02-15T04:42:29","guid":{"rendered":"https:\/\/formalprision.com\/?p=128737"},"modified":"2025-02-16T09:25:54","modified_gmt":"2025-02-16T14:25:54","slug":"detienen-a-chofer-por-violacion-a-una-nina-y-a-lenador-que-robo-en-un-rancho","status":"publish","type":"post","link":"https:\/\/formalprision.com\/?p=128737","title":{"rendered":"Detienen a chofer por violaci\u00f3n a una ni\u00f1a y a le\u00f1ador que rob\u00f3 en un rancho"},"content":{"rendered":"\n<p>Por el delito de violaci\u00f3n equiparada agravada en contra de una menor de ocho a\u00f1os, fue detenido Germ\u00e1n Oswaldo C. A., de 36 a\u00f1os, originario del municipio de Cenotillo, de oficio ayudante de chofer.<\/p>\n\n\n\n<p>Al sujeto lo localizaron y detuvieron elementos de la Polic\u00eda Estatal de Investigaci\u00f3n (PEI) de la Secretar\u00eda de Seguridad P\u00fablica (SSP) en coordinaci\u00f3n con la Fiscal\u00eda General del Estado (FGE).<\/p>\n\n\n\n<p>Los abusos ocurrieron en dos ocasiones en los meses de marzo y abril de 2022, en un predio al sur de M\u00e9rida.<\/p>\n\n\n\n<p>En esa casa habitaba el individuo con su pareja sentimental y madre de la menor, quien lo denunci\u00f3 al enterarse de los abusos en contra de su hija.<\/p>\n\n\n\n<p>ROBO DE HERRAMIENTAS EN UN RANCHO<\/p>\n\n\n\n<p>Eduardo Alfonso P. K., fue detenido como probable responsable del delito de robo calificado en un rancho del municipio de Huh\u00ed.<\/p>\n\n\n\n<figure class=\"wp-block-image size-full\"><a href=\"http:\/\/formalprision.com\/wp-content\/uploads\/2025\/02\/FB_IMG_1739593253855.jpg\"><img loading=\"lazy\" decoding=\"async\" width=\"843\" height=\"711\" src=\"http:\/\/formalprision.com\/wp-content\/uploads\/2025\/02\/FB_IMG_1739593253855.jpg\" alt=\"\" class=\"wp-image-128739\" srcset=\"https:\/\/formalprision.com\/wp-content\/uploads\/2025\/02\/FB_IMG_1739593253855.jpg 843w, https:\/\/formalprision.com\/wp-content\/uploads\/2025\/02\/FB_IMG_1739593253855-300x253.jpg 300w, https:\/\/formalprision.com\/wp-content\/uploads\/2025\/02\/FB_IMG_1739593253855-768x648.jpg 768w\" sizes=\"auto, (max-width: 843px) 100vw, 843px\" \/><\/a><\/figure>\n\n\n\n<p>Al individuo, de 27 a\u00f1os, originario de esa localidad, de oficio le\u00f1ador, se le acusa de sustraer una bomba de agua sumergible y una bolsa con herramientas, el pasado 25 de enero.<\/p>\n","protected":false},"excerpt":{"rendered":"<p>Por el delito de violaci\u00f3n equiparada agravada en contra de una menor de ocho a\u00f1os, fue detenido Germ\u00e1n Oswaldo C. A., de 36 a\u00f1os, originario del municipio de Cenotillo, de<\/p>\n","protected":false},"author":1,"featured_media":128738,"comment_status":"open","ping_status":"open","sticky":false,"template":"","format":"standard","meta":{"jetpack_post_was_ever_published":false,"_jetpack_newsletter_access":"","_jetpack_dont_email_post_to_subs":false,"_jetpack_newsletter_tier_id":0,"_jetpack_memberships_contains_paywalled_content":false,"_jetpack_memberships_contains_paid_content":false,"footnotes":"","jetpack_publicize_message":"","jetpack_publicize_feature_enabled":true,"jetpack_social_post_already_shared":true,"jetpack_social_options":{"image_generator_settings":{"template":"highway","default_image_id":0,"font":"","enabled":false},"version":2}},"categories":[54],"tags":[],"class_list":["post-128737","post","type-post","status-publish","format-standard","has-post-thumbnail","hentry","category-yucatan"],"jetpack_publicize_connections":[],"jetpack_featured_media_url":"https:\/\/formalprision.com\/wp-content\/uploads\/2025\/02\/FB_IMG_1739593244518.jpg","jetpack_sharing_enabled":true,"jetpack_shortlink":"https:\/\/wp.me\/p6id8p-xup","_links":{"self":[{"href":"https:\/\/formalprision.com\/index.php?rest_route=\/wp\/v2\/posts\/128737","targetHints":{"allow":["GET"]}}],"collection":[{"href":"https:\/\/formalprision.com\/index.php?rest_route=\/wp\/v2\/posts"}],"about":[{"href":"https:\/\/formalprision.com\/index.php?rest_route=\/wp\/v2\/types\/post"}],"author":[{"embeddable":true,"href":"https:\/\/formalprision.com\/index.php?rest_route=\/wp\/v2\/users\/1"}],"replies":[{"embeddable":true,"href":"https:\/\/formalprision.com\/index.php?rest_route=%2Fwp%2Fv2%2Fcomments&post=128737"}],"version-history":[{"count":1,"href":"https:\/\/formalprision.com\/index.php?rest_route=\/wp\/v2\/posts\/128737\/revisions"}],"predecessor-version":[{"id":128740,"href":"https:\/\/formalprision.com\/index.php?rest_route=\/wp\/v2\/posts\/128737\/revisions\/128740"}],"wp:featuredmedia":[{"embeddable":true,"href":"https:\/\/formalprision.com\/index.php?rest_route=\/wp\/v2\/media\/128738"}],"wp:attachment":[{"href":"https:\/\/formalprision.com\/index.php?rest_route=%2Fwp%2Fv2%2Fmedia&parent=128737"}],"wp:term":[{"taxonomy":"category","embeddable":true,"href":"https:\/\/formalprision.com\/index.php?rest_route=%2Fwp%2Fv2%2Fcategories&post=128737"},{"taxonomy":"post_tag","embeddable":true,"href":"https:\/\/formalprision.com\/index.php?rest_route=%2Fwp%2Fv2%2Ftags&post=128737"}],"curies":[{"name":"wp","href":"https:\/\/api.w.org\/{rel}","templated":true}]}}