{"id":128741,"date":"2025-02-15T01:00:30","date_gmt":"2025-02-15T06:00:30","guid":{"rendered":"https:\/\/formalprision.com\/?p=128741"},"modified":"2025-02-16T09:25:38","modified_gmt":"2025-02-16T14:25:38","slug":"conocido-actor-de-televisa-muere-extranamente-tras-ser-detenido","status":"publish","type":"post","link":"https:\/\/formalprision.com\/?p=128741","title":{"rendered":"Conocido actor de Televisa muere extra\u00f1amente tras ser detenido"},"content":{"rendered":"\n<p>La industria televisiva se viste de negro ante la p\u00e9rdida de Tom\u00e1s Tamez, quien falleci\u00f3 a los 51 a\u00f1os en circunstancias misteriosas despu\u00e9s de ser detenido. Sus colegas de la industria del entretenimiento lamentaron los hechos y le dedicaron mensajes de despedida.<\/p>\n\n\n\n<p>Medios locales de Monterrey hicieron p\u00fablica la noticia de \u201cun detenido que muri\u00f3 repentinamente en los patios del cuarto Alamey, de la Polic\u00eda de Monterrey, cuando oficiales dispon\u00edan a ingresarlo a las celdas\u201d.<\/p>\n\n\n\n<p>Seg\u00fan lo indicado por otros medios, cuando los oficiales de polic\u00eda solicitaron a Tom\u00e1s Tamez que descendiera de la patrulla no reaccion\u00f3, por lo que un m\u00e9dico lo revis\u00f3 y sentenci\u00f3 que ya no presentaba signos vitales. Cabe destacar que fue detenido en la colonia Florida por faltas administrativas como alteraci\u00f3n del orden.<\/p>\n\n\n\n<p>El caso fue reportado durante la madrugada del 12 de febrero del a\u00f1o en curso: \u201cFue identificado como Tom\u00e1s Tamez Herrera, de 51 a\u00f1os y supuestamente era paciente psiqui\u00e1trico y estaba intoxicado con alguna droga il\u00edcita\u201d.<\/p>\n\n\n\n<p>Tom\u00e1s Tamez se desempe\u00f1aba como actor de telenovelas en Televisa y sus perfiles en redes sociales indican que fue egresado del Centro de Educaci\u00f3n Art\u00edstica de la empresa anteriormente mencionada. De esta manera, obtuvo un papel en producciones como \u2018Picard\u00eda mexicana\u2019, \u2018Gente bien\u2019, \u2018Aventuras en el tiempo\u2019 y \u2018El diario de Daniela\u2019.<br>El conductor Rafa Mercante le dedic\u00f3 una publicaci\u00f3n en Instagram, en la que destac\u00f3 su amistad y compa\u00f1erismo: \u201cMi querido Tommy vuela alto. Siempre te recordar\u00e9 con ese humor negro que te cargabas. Jam\u00e1s te pude superar en el primer lugar en el CEA, hablabas hasta lat\u00edn, canijo. Gracias por ser mi roomie al llegar juntos al desaparecido D.F. y estudiar con todo para alcanzar nuestro sue\u00f1o de graduarnos del CEA\u201d.<\/p>\n\n\n\n<p>Asimismo el actor Miguel Ren\u00e9 Romero le escribi\u00f3: \u201cMi querido Ni\u00f1i, descansa en paz. Vuela muy alto y s\u00e9 que donde est\u00e9s har\u00e1s re\u00edr y bailar a mucha gente como lo hac\u00edas ac\u00e1 con tu talento. Te abrazo y que encuentres la luz\u201d. (Publimetro M\u00e9xico)<\/p>\n","protected":false},"excerpt":{"rendered":"<p>La industria televisiva se viste de negro ante la p\u00e9rdida de Tom\u00e1s Tamez, quien falleci\u00f3 a los 51 a\u00f1os en circunstancias misteriosas despu\u00e9s de ser detenido. Sus colegas de la<\/p>\n","protected":false},"author":1,"featured_media":128742,"comment_status":"open","ping_status":"open","sticky":false,"template":"","format":"standard","meta":{"jetpack_post_was_ever_published":false,"_jetpack_newsletter_access":"","_jetpack_dont_email_post_to_subs":false,"_jetpack_newsletter_tier_id":0,"_jetpack_memberships_contains_paywalled_content":false,"_jetpack_memberships_contains_paid_content":false,"footnotes":"","jetpack_publicize_message":"","jetpack_publicize_feature_enabled":true,"jetpack_social_post_already_shared":true,"jetpack_social_options":{"image_generator_settings":{"template":"highway","default_image_id":0,"font":"","enabled":false},"version":2}},"categories":[23,21],"tags":[],"class_list":["post-128741","post","type-post","status-publish","format-standard","has-post-thumbnail","hentry","category-del-mundo","category-nacionales"],"jetpack_publicize_connections":[],"jetpack_featured_media_url":"https:\/\/formalprision.com\/wp-content\/uploads\/2025\/02\/76c1e460-70fe-3411-9f08-62df8adaf0b3-1200x630-1.jpg","jetpack_sharing_enabled":true,"jetpack_shortlink":"https:\/\/wp.me\/p6id8p-xut","_links":{"self":[{"href":"https:\/\/formalprision.com\/index.php?rest_route=\/wp\/v2\/posts\/128741","targetHints":{"allow":["GET"]}}],"collection":[{"href":"https:\/\/formalprision.com\/index.php?rest_route=\/wp\/v2\/posts"}],"about":[{"href":"https:\/\/formalprision.com\/index.php?rest_route=\/wp\/v2\/types\/post"}],"author":[{"embeddable":true,"href":"https:\/\/formalprision.com\/index.php?rest_route=\/wp\/v2\/users\/1"}],"replies":[{"embeddable":true,"href":"https:\/\/formalprision.com\/index.php?rest_route=%2Fwp%2Fv2%2Fcomments&post=128741"}],"version-history":[{"count":1,"href":"https:\/\/formalprision.com\/index.php?rest_route=\/wp\/v2\/posts\/128741\/revisions"}],"predecessor-version":[{"id":128743,"href":"https:\/\/formalprision.com\/index.php?rest_route=\/wp\/v2\/posts\/128741\/revisions\/128743"}],"wp:featuredmedia":[{"embeddable":true,"href":"https:\/\/formalprision.com\/index.php?rest_route=\/wp\/v2\/media\/128742"}],"wp:attachment":[{"href":"https:\/\/formalprision.com\/index.php?rest_route=%2Fwp%2Fv2%2Fmedia&parent=128741"}],"wp:term":[{"taxonomy":"category","embeddable":true,"href":"https:\/\/formalprision.com\/index.php?rest_route=%2Fwp%2Fv2%2Fcategories&post=128741"},{"taxonomy":"post_tag","embeddable":true,"href":"https:\/\/formalprision.com\/index.php?rest_route=%2Fwp%2Fv2%2Ftags&post=128741"}],"curies":[{"name":"wp","href":"https:\/\/api.w.org\/{rel}","templated":true}]}}