{"id":129,"date":"2015-05-21T21:30:00","date_gmt":"2015-05-21T21:30:00","guid":{"rendered":"http:\/\/formalprision.info\/2015\/05\/21\/seis-anos-de-carcel-al-chucho-por\/"},"modified":"2015-06-03T08:21:11","modified_gmt":"2015-06-03T08:21:11","slug":"seis-anos-de-carcel-al-chucho-por","status":"publish","type":"post","link":"https:\/\/formalprision.com\/?p=129","title":{"rendered":"Seis a\u00f1os de c\u00e1rcel por atacar a balazos a polic\u00edas"},"content":{"rendered":"<p>El juez de control de Valladolid, conden\u00f3 a seis a\u00f1os y 17 d\u00edas de prisi\u00f3n al mec\u00e1nico Jes\u00fas Alejandro Jim\u00e9nez Suaste (a) \u201cChucho\u201d, quien lesion\u00f3 a dos agentes de la Polic\u00eda Estatal Coordinada durante un hecho de sangre ocurrido el 4 de mayo de 2014 en Libre Uni\u00f3n, municipio de Yaxcab\u00e1.<br \/>\nComo parte de ese caso, otro oficial perdi\u00f3 la vida y el padre del ahora sentenciado muri\u00f3 en un enfrentamiento con los cuerpos de seguridad.<br \/>\nEl sujeto fue encontrado responsable del delito de homicidio calificado en grado de tentativa y contra servidor p\u00fablico, en agravio de los polic\u00edas Mart\u00edn Estrada Estrada y Jorge Castillo Blanco.<br \/>\nJim\u00e9nez Suaste se someti\u00f3 a un procedimiento abreviado y consigui\u00f3 la reducci\u00f3n de su condena.<br \/>\nDe acuerdo con el expediente, en esa fecha de 2014 agentes de la Polic\u00eda Municipal de Yaxcab\u00e1 detuvieron a \u201cChucho\u201d, Julio C\u00e9sar Pat Tun, de 29 a\u00f1os; Santos Canch\u00e9 Pech, de 26; Jos\u00e9 Luis Canch\u00e9 Bote, de 30, y Jorge Gilberto Dorantes Pech, de 32, por alterar el orden p\u00fablico y participar en una trifulca durante un baile.<br \/>\nAl momento de trasladar a los detenidos para deslindar responsabilidades ante las autoridades, uno de los elementos de la Polic\u00eda Municipal, que transitaba entre Libre Uni\u00f3n-Yaxcab\u00e1, fue alcanzado por un disparo de escopeta calibre 16, accionada por Antonio Jim\u00e9nez T\u00e9pate, quien pretend\u00eda liberar a uno de sus hijos y viajaba en un veh\u00edculo Caribe.<br \/>\nEn el suceso resultaron con lesiones el comandante Jorge Castillo y el agente William G\u00f3mez Xequ\u00e9, de 21 a\u00f1os, quien fue herido en un gl\u00fateo.<br \/>\nEn el lugar falleci\u00f3 el segundo oficial Bernardo Ak\u00e9 Yeh, de 59 a\u00f1os, miembro de la Polic\u00eda Estatal Coordinada.<br \/>\nDespu\u00e9s de un intenso operativo de b\u00fasqueda en el monte, se detuvo a Jes\u00fas Alejandro y se acorral\u00f3 a su padre, quien se resisti\u00f3 a la detenci\u00f3n, dispar\u00e1ndoles a los oficiales. En el intercambio de fuego result\u00f3 lesionado el agente Mart\u00edn Estrada y falleci\u00f3 Jim\u00e9nez T\u00e9pate.<br \/>\nLa recopilaci\u00f3n de evidencias e indagatorias del caso incluyeron un estudio de planimetr\u00eda, pruebas de bal\u00edstica, de rodizonato, ex\u00e1menes toxicol\u00f3gicos y diversas diligencias, que demuestran que el ahora sentenciado fue quien accion\u00f3 una escopeta calibre 16, asegurada en el lugar de los hechos.<br \/>\nDe acuerdo con las pruebas realizadas, quien dispar\u00f3 la escopeta calibre 12 que priv\u00f3 de la vida a un oficial de polic\u00eda en el lugar de los hechos fue Jim\u00e9nez T\u00e9pate.<br \/>\nConforme a la investigaci\u00f3n de los peritos, el ahora detenido utiliz\u00f3 la escopeta calibre 16 para disparar contra los uniformados.<\/p>\n<p><\/p>\n<div class=\"separator\" style=\"clear: both; text-align: center;\">\n<a href=\"http:\/\/2.bp.blogspot.com\/-GUpZa1eArTs\/VV4b2midHCI\/AAAAAAAAFJA\/Wv5zHAqEJZo\/s1600\/balacera.jpg\" imageanchor=\"1\" style=\"margin-left: 1em; margin-right: 1em;\"><img loading=\"lazy\" decoding=\"async\" border=\"0\" height=\"213\" src=\"http:\/\/formalprision.com\/wp-content\/uploads\/2015\/05\/balacera.jpg\" width=\"320\"><\/a><\/div>\n","protected":false},"excerpt":{"rendered":"<p>El juez de control de Valladolid, conden\u00f3 a seis a\u00f1os y 17 d\u00edas de prisi\u00f3n al mec\u00e1nico Jes\u00fas Alejandro Jim\u00e9nez Suaste (a) \u201cChucho\u201d, quien lesion\u00f3 a dos agentes de la<\/p>\n","protected":false},"author":1,"featured_media":10262,"comment_status":"open","ping_status":"open","sticky":false,"template":"","format":"standard","meta":{"jetpack_post_was_ever_published":false,"_jetpack_newsletter_access":"","_jetpack_dont_email_post_to_subs":false,"_jetpack_newsletter_tier_id":0,"_jetpack_memberships_contains_paywalled_content":false,"_jetpack_memberships_contains_paid_content":false,"footnotes":"","jetpack_publicize_message":"","jetpack_publicize_feature_enabled":true,"jetpack_social_post_already_shared":false,"jetpack_social_options":{"image_generator_settings":{"template":"highway","default_image_id":0,"font":"","enabled":false},"version":2}},"categories":[7,9,3,1],"tags":[],"class_list":["post-129","post","type-post","status-publish","format-standard","has-post-thumbnail","hentry","category-breves","category-destacadas","category-portada","category-sin-categoria"],"jetpack_publicize_connections":[],"jetpack_featured_media_url":"https:\/\/formalprision.com\/wp-content\/uploads\/2015\/05\/balacera.jpg","jetpack_sharing_enabled":true,"jetpack_shortlink":"https:\/\/wp.me\/p6id8p-25","_links":{"self":[{"href":"https:\/\/formalprision.com\/index.php?rest_route=\/wp\/v2\/posts\/129","targetHints":{"allow":["GET"]}}],"collection":[{"href":"https:\/\/formalprision.com\/index.php?rest_route=\/wp\/v2\/posts"}],"about":[{"href":"https:\/\/formalprision.com\/index.php?rest_route=\/wp\/v2\/types\/post"}],"author":[{"embeddable":true,"href":"https:\/\/formalprision.com\/index.php?rest_route=\/wp\/v2\/users\/1"}],"replies":[{"embeddable":true,"href":"https:\/\/formalprision.com\/index.php?rest_route=%2Fwp%2Fv2%2Fcomments&post=129"}],"version-history":[{"count":0,"href":"https:\/\/formalprision.com\/index.php?rest_route=\/wp\/v2\/posts\/129\/revisions"}],"wp:featuredmedia":[{"embeddable":true,"href":"https:\/\/formalprision.com\/index.php?rest_route=\/wp\/v2\/media\/10262"}],"wp:attachment":[{"href":"https:\/\/formalprision.com\/index.php?rest_route=%2Fwp%2Fv2%2Fmedia&parent=129"}],"wp:term":[{"taxonomy":"category","embeddable":true,"href":"https:\/\/formalprision.com\/index.php?rest_route=%2Fwp%2Fv2%2Fcategories&post=129"},{"taxonomy":"post_tag","embeddable":true,"href":"https:\/\/formalprision.com\/index.php?rest_route=%2Fwp%2Fv2%2Ftags&post=129"}],"curies":[{"name":"wp","href":"https:\/\/api.w.org\/{rel}","templated":true}]}}