{"id":129502,"date":"2025-03-12T18:06:00","date_gmt":"2025-03-12T23:06:00","guid":{"rendered":"https:\/\/formalprision.com\/?p=129502"},"modified":"2025-03-12T21:56:24","modified_gmt":"2025-03-13T02:56:24","slug":"cecilia-patron-aumenta-la-atencion-psicologica-a-los-jovenes-en-merida","status":"publish","type":"post","link":"https:\/\/formalprision.com\/?p=129502","title":{"rendered":"Cecilia Patr\u00f3n aumenta la atenci\u00f3n psicol\u00f3gica a los j\u00f3venes en M\u00e9rida"},"content":{"rendered":"\n<p>M\u00c9RIDA, Yucat\u00e1n.- Para aumentar la atenci\u00f3n a la salud mental y emocional de las adolescencias y juventudes de M\u00e9rida y sus comisar\u00edas, la Presidenta Municipal Cecilia Patr\u00f3n Laviada present\u00f3 un nuevo programa de Primeros Auxilios Psicol\u00f3gicos (PAPSI) que involucra a las comunidades estudiantiles, maestros y padres de familia.<\/p>\n\n\n\n<p>\u201cEl compromiso del Ayuntamiento de M\u00e9rida es muy fuerte con los j\u00f3venes y entre los temas que necesitamos atender est\u00e1n el uso de las drogas y la salud mental, ya que lo primordial en nuestra toma de decisiones es que ustedes est\u00e9n bien\u201d, expres\u00f3 la alcaldesa ante alumnos de la secundaria \u201cAureliano Pinto Ram\u00edrez\u201d.<\/p>\n\n\n\n<p>\u201cEste proyecto de primeros auxilios es un trabajo en equipo, porque participa la escuela, los padres de familia, el Ayuntamiento de M\u00e9rida, pero los principales protagonistas son ustedes para su beneficio y desarrollo sano y pleno\u201d, puntualiz\u00f3.<\/p>\n\n\n\n<p>La primera edil destac\u00f3 que este programa se complementa con los centros de atenci\u00f3n psicol\u00f3gica \u201cAlma Nova\u201d ubicados en San Jos\u00e9 Tecoh en el sur, en Pensiones en el poniente y en San Antonio Kaua frente al estadio Carlos Iturralde al oriente de la ciudad, donde se cuenta con profesionales en psicolog\u00eda que les pueden atender y acompa\u00f1ar en esta etapa de la vida.<\/p>\n\n\n\n<figure class=\"wp-block-image size-full\"><a href=\"http:\/\/formalprision.com\/wp-content\/uploads\/2025\/03\/WhatsApp-Image-2025-03-12-at-3.37.00-PM2.jpeg\"><img loading=\"lazy\" decoding=\"async\" width=\"900\" height=\"599\" src=\"http:\/\/formalprision.com\/wp-content\/uploads\/2025\/03\/WhatsApp-Image-2025-03-12-at-3.37.00-PM2.jpeg\" alt=\"\" class=\"wp-image-129505\" srcset=\"https:\/\/formalprision.com\/wp-content\/uploads\/2025\/03\/WhatsApp-Image-2025-03-12-at-3.37.00-PM2.jpeg 900w, https:\/\/formalprision.com\/wp-content\/uploads\/2025\/03\/WhatsApp-Image-2025-03-12-at-3.37.00-PM2-300x200.jpeg 300w, https:\/\/formalprision.com\/wp-content\/uploads\/2025\/03\/WhatsApp-Image-2025-03-12-at-3.37.00-PM2-768x511.jpeg 768w\" sizes=\"auto, (max-width: 900px) 100vw, 900px\" \/><\/a><\/figure>\n\n\n\n<p>\u201cYo les quiero pedir a todos ustedes que conf\u00eden, a veces nos da miedo, pero hablando con mam\u00e1, pap\u00e1 o con quien m\u00e1s confianza tengan seguramente encontraremos una mejor soluci\u00f3n\u201d, extern\u00f3 Cecilia Patr\u00f3n.<\/p>\n\n\n\n<p>\u201cTienen mi compromiso al cien por ciento por la salud mental de cada joven de esta ciudad que son nuestro presente y nuestro futuro. As\u00ed que, chavos, a estudiar, a cuidarse, a cuidarnos entre todos que aqu\u00ed tienen a una alcaldesa que est\u00e1 para apoyar a su desarrollo y salud mental\u201d, subray\u00f3.<\/p>\n\n\n\n<p>En su intervenci\u00f3n, el director de Bienestar Humano, Jes\u00fas P\u00e9rez Ballote, inform\u00f3 que este esfuerzo se realizar\u00e1 con una serie de ahorros y reestructuraci\u00f3n interna de la dependencia que encabeza, para llevar este programa todos los d\u00edas a diferentes escuelas, tanto en el turno matutino como vespertino, considerando que el municipio cuenta con una comunidad estudiantil de m\u00e1s de 178 mil 190 estudiantes.<\/p>\n\n\n\n<p>\u201cEl camino que nos trazamos cuando empez\u00f3 este Ayuntamiento fue el fortalecer la salud mental de todas las personas y especialmente el de nuestras juventudes, y m\u00e1s all\u00e1 de las estad\u00edsticas y los n\u00fameros hay una realidad que vivimos todas y todos, y que requiere ser atendida\u201d, indic\u00f3.<\/p>\n\n\n\n<p>Este programa consiste en una serie de pl\u00e1ticas y experiencias vivenciales en las que se brinda informaci\u00f3n clave para su desarrollo, para trabajar con la comunidad escolar a nivel primaria, secundaria y bachillerato, y as\u00ed dotar de herramientas de autorregulaci\u00f3n emocional.<\/p>\n\n\n\n<p>Con ello se busca fortalecer la interacci\u00f3n entre los integrantes de la comunidad estudiantil y padres de familia, permitiendo la creaci\u00f3n de un ambiente de prevenci\u00f3n, facilitando la detecci\u00f3n temprana y atenci\u00f3n oportuna en materia de salud mental, para promover la prevenci\u00f3n del consumo de sustancias nocivas a la salud, fomentando h\u00e1bitos saludables y habilidades en la toma de decisiones.<\/p>\n\n\n\n<p>Entre los principales temas que se impartir\u00e1n el alumnado se encuentran \u201cMis emociones bajo control\u201d, \u201cDecide bien: prevenci\u00f3n y bienestar\u201d, en el caso de los padres de familia se enfocar\u00e1n pl\u00e1ticas como \u201cReconocimiento de se\u00f1ales de alerta en salud mental\u201d, \u201cEstrategias para fortalecer el bienestar emocional en casa\u201d y \u201cPrevenci\u00f3n de adicciones y conductas de riesgo\u201d.<\/p>\n\n\n\n<p>Durante esta presentaci\u00f3n acompa\u00f1aron a la alcaldesa David Vald\u00e9s Jim\u00e9nez, diputado local por el distrito 2; L\u00eda Luz Escalante Jim\u00e9nez, directora de la escuela anfitriona, y Ren\u00e9 Mauricio Fajardo Barrera, representante de la Sociedad de Padres de Familia.<\/p>\n","protected":false},"excerpt":{"rendered":"<p>M\u00c9RIDA, Yucat\u00e1n.- Para aumentar la atenci\u00f3n a la salud mental y emocional de las adolescencias y juventudes de M\u00e9rida y sus comisar\u00edas, la Presidenta Municipal Cecilia Patr\u00f3n Laviada present\u00f3 un<\/p>\n","protected":false},"author":2,"featured_media":129504,"comment_status":"open","ping_status":"open","sticky":false,"template":"","format":"standard","meta":{"jetpack_post_was_ever_published":false,"_jetpack_newsletter_access":"","_jetpack_dont_email_post_to_subs":false,"_jetpack_newsletter_tier_id":0,"_jetpack_memberships_contains_paywalled_content":false,"_jetpack_memberships_contains_paid_content":false,"footnotes":"","jetpack_publicize_message":"","jetpack_publicize_feature_enabled":true,"jetpack_social_post_already_shared":true,"jetpack_social_options":{"image_generator_settings":{"template":"highway","default_image_id":0,"font":"","enabled":false},"version":2}},"categories":[54],"tags":[],"class_list":["post-129502","post","type-post","status-publish","format-standard","has-post-thumbnail","hentry","category-yucatan"],"jetpack_publicize_connections":[],"jetpack_featured_media_url":"https:\/\/formalprision.com\/wp-content\/uploads\/2025\/03\/WhatsApp-Image-2025-03-12-at-3.37.00-PM1.jpeg","jetpack_sharing_enabled":true,"jetpack_shortlink":"https:\/\/wp.me\/p6id8p-xGK","_links":{"self":[{"href":"https:\/\/formalprision.com\/index.php?rest_route=\/wp\/v2\/posts\/129502","targetHints":{"allow":["GET"]}}],"collection":[{"href":"https:\/\/formalprision.com\/index.php?rest_route=\/wp\/v2\/posts"}],"about":[{"href":"https:\/\/formalprision.com\/index.php?rest_route=\/wp\/v2\/types\/post"}],"author":[{"embeddable":true,"href":"https:\/\/formalprision.com\/index.php?rest_route=\/wp\/v2\/users\/2"}],"replies":[{"embeddable":true,"href":"https:\/\/formalprision.com\/index.php?rest_route=%2Fwp%2Fv2%2Fcomments&post=129502"}],"version-history":[{"count":2,"href":"https:\/\/formalprision.com\/index.php?rest_route=\/wp\/v2\/posts\/129502\/revisions"}],"predecessor-version":[{"id":129506,"href":"https:\/\/formalprision.com\/index.php?rest_route=\/wp\/v2\/posts\/129502\/revisions\/129506"}],"wp:featuredmedia":[{"embeddable":true,"href":"https:\/\/formalprision.com\/index.php?rest_route=\/wp\/v2\/media\/129504"}],"wp:attachment":[{"href":"https:\/\/formalprision.com\/index.php?rest_route=%2Fwp%2Fv2%2Fmedia&parent=129502"}],"wp:term":[{"taxonomy":"category","embeddable":true,"href":"https:\/\/formalprision.com\/index.php?rest_route=%2Fwp%2Fv2%2Fcategories&post=129502"},{"taxonomy":"post_tag","embeddable":true,"href":"https:\/\/formalprision.com\/index.php?rest_route=%2Fwp%2Fv2%2Ftags&post=129502"}],"curies":[{"name":"wp","href":"https:\/\/api.w.org\/{rel}","templated":true}]}}