{"id":129515,"date":"2025-03-13T07:49:07","date_gmt":"2025-03-13T12:49:07","guid":{"rendered":"https:\/\/formalprision.com\/?p=129515"},"modified":"2025-03-13T21:08:48","modified_gmt":"2025-03-14T02:08:48","slug":"mexico-tendra-la-madrugada-del-viernes-el-unico-eclipse-visible-de-2025","status":"publish","type":"post","link":"https:\/\/formalprision.com\/?p=129515","title":{"rendered":"M\u00e9xico tendr\u00e1 la madrugada del viernes el \u00fanico eclipse visible de 2025"},"content":{"rendered":"\n<p>El \u00fanico eclipse visible en M\u00e9xico durante este 2025 ser\u00e1 el espect\u00e1culo astron\u00f3mico conocido como \u201cLuna Roja\u201c, fen\u00f3meno rodeado de mitos por el color que te\u00f1ir\u00e1 al sat\u00e9lite, y que tendr\u00e1 lugar entre la noche del jueves y la madrugada del viernes.<\/p>\n\n\n\n<p>\u201cEl pr\u00f3ximo jueves 13 de marzo para amanecer el d\u00eda 14, vamos a tener el \u00fanico eclipse que vamos a poder observar en M\u00e9xico. Ser\u00e1 total de Luna, tambi\u00e9n conocido como Luna de Sangre porque alrededor de las 12:30 de la noche hora del Centro de M\u00e9xico, vamos a ver que la luna justo encima de nuestras cabezas, se pondr\u00e1 de un color rojo muy interesante\u201d, afirm\u00f3 Alfredo Manr\u00edquez Rangel, astrof\u00edsico y comunicador de la ciencia.<\/p>\n\n\n\n<p>El divulgador cient\u00edfico record\u00f3 que los fen\u00f3menos astron\u00f3micos y particularmente los eclipses Luna de Sangre por el color que ti\u00f1e al sat\u00e9lite est\u00e1n rodeados de mitos y leyendas, pero descart\u00f3 malos augurios o riesgos a la salud.<\/p>\n\n\n\n<p>\u201cLos eclipses son fen\u00f3menos completamente naturales donde la sombra de un cuerpo celeste oculta o tapa a otro cuerpo celeste, puede ser el Sol o la Luna, en el caso del eclipse de Luna vemos que la tierra proyecta su sombra sobre la luna, debido a las propiedades de la luz y la atm\u00f3sfera es que solamente la luz roja llega a la superficie lunar, d\u00e1ndole ese tinte rojo caracter\u00edstico\u201d, explic\u00f3.<\/p>\n\n\n\n<p>Manr\u00edquez anunci\u00f3 que el eclipse total de Luna ser\u00e1 documentado en el Mecanismo Monumental de Anticitera, la r\u00e9plica de un antiguo artefacto de bronce con engranajes que predice fen\u00f3menos celestes, considerada la primera computadora anal\u00f3gica del mundo y recreada en la Universidad de Sonora, por maestros investigadores.<\/p>\n\n\n\n<p>El pr\u00f3ximo eclipse lunar visible en M\u00e9xico ser\u00e1 parcial, el 3 de marzo de 2026, mientras que el siguiente eclipse total de sol ser\u00e1 el 30 de marzo de 2052.<\/p>\n","protected":false},"excerpt":{"rendered":"<p>El \u00fanico eclipse visible en M\u00e9xico durante este 2025 ser\u00e1 el espect\u00e1culo astron\u00f3mico conocido como \u201cLuna Roja\u201c, fen\u00f3meno rodeado de mitos por el color que te\u00f1ir\u00e1 al sat\u00e9lite, y que<\/p>\n","protected":false},"author":2,"featured_media":129517,"comment_status":"open","ping_status":"open","sticky":false,"template":"","format":"standard","meta":{"jetpack_post_was_ever_published":false,"_jetpack_newsletter_access":"","_jetpack_dont_email_post_to_subs":false,"_jetpack_newsletter_tier_id":0,"_jetpack_memberships_contains_paywalled_content":false,"_jetpack_memberships_contains_paid_content":false,"footnotes":"","jetpack_publicize_message":"","jetpack_publicize_feature_enabled":true,"jetpack_social_post_already_shared":true,"jetpack_social_options":{"image_generator_settings":{"template":"highway","default_image_id":0,"font":"","enabled":false},"version":2}},"categories":[23,21],"tags":[],"class_list":["post-129515","post","type-post","status-publish","format-standard","has-post-thumbnail","hentry","category-del-mundo","category-nacionales"],"jetpack_publicize_connections":[],"jetpack_featured_media_url":"https:\/\/formalprision.com\/wp-content\/uploads\/2025\/03\/eclipse.jpg","jetpack_sharing_enabled":true,"jetpack_shortlink":"https:\/\/wp.me\/p6id8p-xGX","_links":{"self":[{"href":"https:\/\/formalprision.com\/index.php?rest_route=\/wp\/v2\/posts\/129515","targetHints":{"allow":["GET"]}}],"collection":[{"href":"https:\/\/formalprision.com\/index.php?rest_route=\/wp\/v2\/posts"}],"about":[{"href":"https:\/\/formalprision.com\/index.php?rest_route=\/wp\/v2\/types\/post"}],"author":[{"embeddable":true,"href":"https:\/\/formalprision.com\/index.php?rest_route=\/wp\/v2\/users\/2"}],"replies":[{"embeddable":true,"href":"https:\/\/formalprision.com\/index.php?rest_route=%2Fwp%2Fv2%2Fcomments&post=129515"}],"version-history":[{"count":1,"href":"https:\/\/formalprision.com\/index.php?rest_route=\/wp\/v2\/posts\/129515\/revisions"}],"predecessor-version":[{"id":129516,"href":"https:\/\/formalprision.com\/index.php?rest_route=\/wp\/v2\/posts\/129515\/revisions\/129516"}],"wp:featuredmedia":[{"embeddable":true,"href":"https:\/\/formalprision.com\/index.php?rest_route=\/wp\/v2\/media\/129517"}],"wp:attachment":[{"href":"https:\/\/formalprision.com\/index.php?rest_route=%2Fwp%2Fv2%2Fmedia&parent=129515"}],"wp:term":[{"taxonomy":"category","embeddable":true,"href":"https:\/\/formalprision.com\/index.php?rest_route=%2Fwp%2Fv2%2Fcategories&post=129515"},{"taxonomy":"post_tag","embeddable":true,"href":"https:\/\/formalprision.com\/index.php?rest_route=%2Fwp%2Fv2%2Ftags&post=129515"}],"curies":[{"name":"wp","href":"https:\/\/api.w.org\/{rel}","templated":true}]}}